{"id":2307,"date":"2024-03-22T10:53:18","date_gmt":"2024-03-22T09:53:18","guid":{"rendered":"https:\/\/www.calzadospayma.com\/blog\/cunas-amarillas\/"},"modified":"2024-03-22T10:53:18","modified_gmt":"2024-03-22T09:53:18","slug":"cunas-amarillas","status":"publish","type":"post","link":"https:\/\/www.calzadospayma.com\/blog\/cunas-amarillas\/","title":{"rendered":"Descubre las mejores cu\u00f1as amarillas para estar a la moda esta temporada"},"content":{"rendered":"<p>[ppgbo category=\u00bb99&#8243; counter=\u00bb6&#8243;]<\/p><div id=\"ez-toc-container\" class=\"ez-toc-v2_0_82_2 counter-hierarchy ez-toc-counter ez-toc-grey ez-toc-container-direction\">\n<div class=\"ez-toc-title-container\">\n<p class=\"ez-toc-title\" style=\"cursor:inherit\">\u00bfQu\u00e9 vas a encontrar aqu\u00ed?<\/p>\n<span class=\"ez-toc-title-toggle\"><a href=\"#\" class=\"ez-toc-pull-right ez-toc-btn ez-toc-btn-xs ez-toc-btn-default ez-toc-toggle\" aria-label=\"Alternar tabla de contenidos\"><span class=\"ez-toc-js-icon-con\"><span class=\"\"><span class=\"eztoc-hide\" style=\"display:none;\">Toggle<\/span><span class=\"ez-toc-icon-toggle-span\"><svg style=\"fill: #999;color:#999\" xmlns=\"http:\/\/www.w3.org\/2000\/svg\" class=\"list-377408\" width=\"20px\" height=\"20px\" viewBox=\"0 0 24 24\" fill=\"none\"><path d=\"M6 6H4v2h2V6zm14 0H8v2h12V6zM4 11h2v2H4v-2zm16 0H8v2h12v-2zM4 16h2v2H4v-2zm16 0H8v2h12v-2z\" fill=\"currentColor\"><\/path><\/svg><svg style=\"fill: #999;color:#999\" class=\"arrow-unsorted-368013\" xmlns=\"http:\/\/www.w3.org\/2000\/svg\" width=\"10px\" height=\"10px\" viewBox=\"0 0 24 24\" version=\"1.2\" baseProfile=\"tiny\"><path d=\"M18.2 9.3l-6.2-6.3-6.2 6.3c-.2.2-.3.4-.3.7s.1.5.3.7c.2.2.4.3.7.3h11c.3 0 .5-.1.7-.3.2-.2.3-.5.3-.7s-.1-.5-.3-.7zM5.8 14.7l6.2 6.3 6.2-6.3c.2-.2.3-.5.3-.7s-.1-.5-.3-.7c-.2-.2-.4-.3-.7-.3h-11c-.3 0-.5.1-.7.3-.2.2-.3.5-.3.7s.1.5.3.7z\"\/><\/svg><\/span><\/span><\/span><\/a><\/span><\/div>\n<nav><ul class='ez-toc-list ez-toc-list-level-1 ' ><li class='ez-toc-page-1 ez-toc-heading-level-2'><a class=\"ez-toc-link ez-toc-heading-1\" href=\"https:\/\/www.calzadospayma.com\/blog\/cunas-amarillas\/#Cunas_Amarillas_La_Mejor_Opcion_Para_Tu_Estilo_de_Verano\" >Cu\u00f1as Amarillas: La Mejor Opci\u00f3n Para Tu Estilo de Verano<\/a><\/li><li class='ez-toc-page-1 ez-toc-heading-level-2'><a class=\"ez-toc-link ez-toc-heading-2\" href=\"https:\/\/www.calzadospayma.com\/blog\/cunas-amarillas\/#%C2%BFPor_Que_Debes_Incorporar_Cunas_Amarillas_a_Tu_Coleccion_de_Calzado\" >\u00bfPor Qu\u00e9 Debes Incorporar Cu\u00f1as Amarillas a Tu Colecci\u00f3n de Calzado?<\/a><\/li><li class='ez-toc-page-1 ez-toc-heading-level-2'><a class=\"ez-toc-link ez-toc-heading-3\" href=\"https:\/\/www.calzadospayma.com\/blog\/cunas-amarillas\/#Consejos_para_Combinar_Cunas_Amarillas_con_tus_Outfits_de_Verano\" >Consejos para Combinar Cu\u00f1as Amarillas con tus Outfits de Verano<\/a><ul class='ez-toc-list-level-3' ><li class='ez-toc-heading-level-3'><a class=\"ez-toc-link ez-toc-heading-4\" href=\"https:\/\/www.calzadospayma.com\/blog\/cunas-amarillas\/#1_Cunas_Amarillas_con_Vestido_Blanco\" >1. Cu\u00f1as Amarillas con Vestido Blanco<\/a><\/li><li class='ez-toc-page-1 ez-toc-heading-level-3'><a class=\"ez-toc-link ez-toc-heading-5\" href=\"https:\/\/www.calzadospayma.com\/blog\/cunas-amarillas\/#2_Pantalones_Vaqueros_y_Cunas_Amarillas_para_un_Look_Casual\" >2. Pantalones Vaqueros y Cu\u00f1as Amarillas para un Look Casual<\/a><\/li><li class='ez-toc-page-1 ez-toc-heading-level-3'><a class=\"ez-toc-link ez-toc-heading-6\" href=\"https:\/\/www.calzadospayma.com\/blog\/cunas-amarillas\/#3_Estampados_Florales_y_Cunas_Amarillas_para_un_Toque_Divertido\" >3. Estampados Florales y Cu\u00f1as Amarillas para un Toque Divertido<\/a><\/li><\/ul><\/li><li class='ez-toc-page-1 ez-toc-heading-level-2'><a class=\"ez-toc-link ez-toc-heading-7\" href=\"https:\/\/www.calzadospayma.com\/blog\/cunas-amarillas\/#Cunas_Amarillas_Comodas_Estilosas_y_Perfectas_para_el_Verano\" >Cu\u00f1as Amarillas: C\u00f3modas, Estilosas y Perfectas para el Verano<\/a><\/li><li class='ez-toc-page-1 ez-toc-heading-level-2'><a class=\"ez-toc-link ez-toc-heading-8\" href=\"https:\/\/www.calzadospayma.com\/blog\/cunas-amarillas\/#Donde_Encontrar_las_Mejores_Cunas_Amarillas_de_la_Temporada\" >D\u00f3nde Encontrar las Mejores Cu\u00f1as Amarillas de la Temporada<\/a><ul class='ez-toc-list-level-3' ><li class='ez-toc-heading-level-3'><a class=\"ez-toc-link ez-toc-heading-9\" href=\"https:\/\/www.calzadospayma.com\/blog\/cunas-amarillas\/#Caracteristicas_de_las_Cunas_Amarillas\" >Caracter\u00edsticas de las Cu\u00f1as Amarillas<\/a><\/li><li class='ez-toc-page-1 ez-toc-heading-level-3'><a class=\"ez-toc-link ez-toc-heading-10\" href=\"https:\/\/www.calzadospayma.com\/blog\/cunas-amarillas\/#Donde_Comprar_Cunas_Amarillas\" >D\u00f3nde Comprar Cu\u00f1as Amarillas<\/a><\/li><\/ul><\/li><\/ul><\/nav><\/div>\n\n<h2><span class=\"ez-toc-section\" id=\"Cunas_Amarillas_La_Mejor_Opcion_Para_Tu_Estilo_de_Verano\"><\/span>Cu\u00f1as Amarillas: La Mejor Opci\u00f3n Para Tu Estilo de Verano<span class=\"ez-toc-section-end\"><\/span><\/h2>\n<p>Los d\u00edas soleados y las temperaturas c\u00e1lidas nos invitan a renovar nuestro guardarropa, y \u00bfqu\u00e9 mejor manera de hacerlo que con un par de cu\u00f1as amarillas? Esta tendencia de calzado no solo aporta un toque de color y frescura a tus conjuntos veraniegos, sino que tambi\u00e9n te brinda comodidad y estilo en un solo par de zapatos.<\/p>\n<p>Las cu\u00f1as amarillas son la opci\u00f3n perfecta para aquellas que desean destacar y a\u00f1adir un toque de vitalidad a sus looks. El color amarillo evoca alegr\u00eda y optimismo, y al integrarlo en unas cu\u00f1as, se logra un equilibrio entre elegancia y frescura, ideal para el verano.<\/p>\n<p>Adem\u00e1s de su atractivo est\u00e9tico, las cu\u00f1as amarillas son vers\u00e1tiles y se adaptan a diferentes estilos y ocasiones. Ya sea para un paseo por la playa, una comida al aire libre o una tarde de compras, estas cu\u00f1as a\u00f1aden un toque de luminosidad a tu atuendo.  <\/p>\n<p>Al elegir cu\u00f1as amarillas, aseg\u00farate de considerar el material y la altura del tac\u00f3n para garantizar tu comodidad durante todo el d\u00eda. Busca acabados en cuero sint\u00e9tico o materiales transpirables para mantener tus pies frescos, y opta por alturas de tac\u00f3n que te resulten c\u00f3modas para caminar sin esfuerzo.<\/p>\n<p>En resumen, las cu\u00f1as amarillas son una elecci\u00f3n vibrante y alegre para complementar tu estilo de verano. Su versatilidad, comodidad y su capacidad para aportar frescura les convierten en un imprescindible para esta temporada estival. \u00bfEst\u00e1s lista para darle un toque de color y vitalidad a tu calzado de verano?<\/p>\n<h2><span class=\"ez-toc-section\" id=\"%C2%BFPor_Que_Debes_Incorporar_Cunas_Amarillas_a_Tu_Coleccion_de_Calzado\"><\/span>\u00bfPor Qu\u00e9 Debes Incorporar Cu\u00f1as Amarillas a Tu Colecci\u00f3n de Calzado?<span class=\"ez-toc-section-end\"><\/span><\/h2>\n<p>Llega el momento de darle un toque soleado y vibrante a tu colecci\u00f3n de calzado. Las cu\u00f1as amarillas son la elecci\u00f3n perfecta para destacar en cualquier ocasi\u00f3n. D\u00e9jame contarte por qu\u00e9 deber\u00edas considerar incorporar estas preciosidades a tu armario.<\/p>\n<p>Las cu\u00f1as amarillas son la pieza clave para darle un toque de frescura y color a tus conjuntos. Ya sea para un evento formal o una salida casual, este tipo de calzado aporta un toque de originalidad y estilo \u00fanico. Adem\u00e1s, su versatilidad las hace perfectas para combinar con diferentes prendas y accesorios, permiti\u00e9ndote crear looks diversos para cualquier ocasi\u00f3n.<\/p>\n<p>Al incorporar cu\u00f1as amarillas a tu colecci\u00f3n de calzado, estar\u00e1s agregando un toque de luminosidad y alegr\u00eda a tu imagen. El color amarillo evoca la energ\u00eda del sol y transmite una sensaci\u00f3n de vitalidad, haci\u00e9ndote destacar con un aire fresco y positivo.<\/p>\n<p>Atr\u00e9vete a experimentar con estas cu\u00f1as en tus atuendos diarios, y descubrir\u00e1s c\u00f3mo pueden transformar por completo tu estilo. La combinaci\u00f3n de comodidad, altura y estilo que ofrecen las cu\u00f1as amarillas las convierte en una opci\u00f3n irresistible para cualquier amante de la moda y el calzado. Prep\u00e1rate para marcar la diferencia con este imprescindible que no puede faltar en tu colecci\u00f3n.<\/p>\n<p>Ahora que conoces las razones para incluir las cu\u00f1as amarillas en tu colecci\u00f3n de calzado, es momento de darle un giro vibrante a tus looks. Atr\u00e9vete a darle un toque de color a cada paso y deja que tu estilo brille con estas llamativas cu\u00f1as.[ppgbo category=\u00bb99&#8243; counter=\u00bb6&#8243;]<\/p>\n<h2><span class=\"ez-toc-section\" id=\"Consejos_para_Combinar_Cunas_Amarillas_con_tus_Outfits_de_Verano\"><\/span>Consejos para Combinar Cu\u00f1as Amarillas con tus Outfits de Verano<span class=\"ez-toc-section-end\"><\/span><\/h2>\n<p>Soy un asistente de escritura y puedo ayudarte a redactar el contenido requerido. Aqu\u00ed tienes algunas l\u00edneas para comenzar el art\u00edculo:<\/p>\n<p>Como amantes de la moda y las tendencias, sabemos que la elecci\u00f3n de los zapatos puede marcar la diferencia en cualquier outfit. Las cu\u00f1as amarillas son una elecci\u00f3n audaz y llamativa que puede aportar un toque de frescura y vitalidad a tus conjuntos de verano. Si est\u00e1s buscando consejos sobre c\u00f3mo combinar estas llamativas cu\u00f1as con tus outfits de verano, est\u00e1s en el lugar correcto. A continuaci\u00f3n, te ofreceremos algunas sugerencias para sacar el m\u00e1ximo partido a este llamativo calzado.<\/p>\n<p>\u00a1Recuerda que la clave est\u00e1 en crear combinaciones equilibradas y armoniosas! Aqu\u00ed te dejamos algunas ideas para inspirarte:<\/p>\n<h3><span class=\"ez-toc-section\" id=\"1_Cunas_Amarillas_con_Vestido_Blanco\"><\/span>1. Cu\u00f1as Amarillas con Vestido Blanco<span class=\"ez-toc-section-end\"><\/span><\/h3>\n<p>Una manera elegante y sencilla de destacar tus cu\u00f1as amarillas es combin\u00e1ndolas con un vestido blanco. El contraste entre el amarillo vibrante y el blanco atemporal har\u00e1 que tus zapatos se conviertan en el centro de atenci\u00f3n de tu look.<\/p>\n<h3><span class=\"ez-toc-section\" id=\"2_Pantalones_Vaqueros_y_Cunas_Amarillas_para_un_Look_Casual\"><\/span>2. Pantalones Vaqueros y Cu\u00f1as Amarillas para un Look Casual<span class=\"ez-toc-section-end\"><\/span><\/h3>\n<p>[aib_post_related url=&#8217;\/blog\/cuna-yute-atada\/&#8217; title=&#8217;Descubre las \u00faltimas tendencias con la cu\u00f1a de yute atada para un estilo veraniego&#8217; relatedtext=&#8217;Quiz\u00e1s tambi\u00e9n te interese:&#8217;]<\/p>\n<p>Si buscas un estilo m\u00e1s relajado y casual, puedes optar por combinar tus cu\u00f1as amarillas con unos pantalones vaqueros. Esta combinaci\u00f3n es perfecta para un paseo por la ciudad o una tarde de compras.<\/p>\n<h3><span class=\"ez-toc-section\" id=\"3_Estampados_Florales_y_Cunas_Amarillas_para_un_Toque_Divertido\"><\/span>3. Estampados Florales y Cu\u00f1as Amarillas para un Toque Divertido<span class=\"ez-toc-section-end\"><\/span><\/h3>\n<p>Si quieres darle un toque divertido y veraniego a tu outfit, considera combinar tus cu\u00f1as amarillas con prendas que tengan estampados florales. Esta combinaci\u00f3n crear\u00e1 un look alegre y desenfadado, ideal para eventos al aire libre.<\/p>\n<p>No olvides que el factor clave al combinar tus cu\u00f1as amarillas con tus outfits de verano es la confianza. \u00a1Si te sientes segura y c\u00f3moda con tu elecci\u00f3n, seguro irradiar\u00e1s estilo por donde vayas!<\/p>\n<p>\u00bfBuscas el calzado ideal para lucir fabulosa y c\u00f3moda durante el verano? Las cu\u00f1as amarillas son la respuesta a tus necesidades. Este tipo de calzado se ha vuelto imprescindible en cualquier guardarropa femenino, y en este art\u00edculo te mostraremos por qu\u00e9 son una excelente elecci\u00f3n para la temporada estival.<\/p>\n<h2><span class=\"ez-toc-section\" id=\"Cunas_Amarillas_Comodas_Estilosas_y_Perfectas_para_el_Verano\"><\/span>Cu\u00f1as Amarillas: C\u00f3modas, Estilosas y Perfectas para el Verano<span class=\"ez-toc-section-end\"><\/span><\/h2>\n<p>Las cu\u00f1as amarillas son una opci\u00f3n perfecta para aquellas que desean agregar un toque de color y estilo a sus atuendos veraniegos. Adem\u00e1s de su atractivo visual, ofrecen la ventaja de brindar altura sin sacrificar la comodidad, gracias a su plataforma que distribuye el peso de manera uniforme.<\/p>\n<p>La combinaci\u00f3n de tono amarillo en unas cu\u00f1as con la frescura del verano es una apuesta segura para destacar. Este color aporta vitalidad a cualquier conjunto y es ideal para a\u00f1adir un toque de diversi\u00f3n a tus looks. Una ventaja adicional es que el amarillo es altamente combinable, permiti\u00e9ndote crear estilismos vers\u00e1tiles y llamativos.<\/p>\n<p>Si est\u00e1s buscando un calzado que te permita lucir a la moda y mantener la comodidad durante largas jornadas estivales, las cu\u00f1as amarillas son la elecci\u00f3n perfecta. Ya sea para pasear por la playa, disfrutar de una tarde de compras o salir a cenar, este tipo de calzado se adapta a diversas ocasiones, convirti\u00e9ndose en un imprescindible para la temporada.<\/p>\n<p>[aib_post_related url=&#8217;\/blog\/alpargatas-de-canamo\/&#8217; title=&#8217;Descubre las mejores alpargatas de c\u00e1\u00f1amo para un estilo eco-friendly&#8217; relatedtext=&#8217;Quiz\u00e1s tambi\u00e9n te interese:&#8217;][ppgbo category=\u00bb99&#8243; counter=\u00bb6&#8243;]<\/p>\n<h2><span class=\"ez-toc-section\" id=\"Donde_Encontrar_las_Mejores_Cunas_Amarillas_de_la_Temporada\"><\/span>D\u00f3nde Encontrar las Mejores Cu\u00f1as Amarillas de la Temporada<span class=\"ez-toc-section-end\"><\/span><\/h2>\n<p><i>Las cu\u00f1as amarillas<\/i> son un complemento perfecto para esta temporada. Si est\u00e1s buscando el par ideal que te haga destacar con un toque de color y estilo, est\u00e1s en el lugar correcto. En los pr\u00f3ximos p\u00e1rrafos te mostrar\u00e9 d\u00f3nde encontrar las mejores opciones de cu\u00f1as amarillas para que puedas lucir a la moda y sentirte c\u00f3moda en cada paso que des.<\/p>\n<h3><span class=\"ez-toc-section\" id=\"Caracteristicas_de_las_Cunas_Amarillas\"><\/span>Caracter\u00edsticas de las Cu\u00f1as Amarillas<span class=\"ez-toc-section-end\"><\/span><\/h3>\n<p>Las cu\u00f1as amarillas son una excelente elecci\u00f3n para quienes desean agregar un toque de vitalidad y alegr\u00eda a su outfit. Este tipo de calzado no solo es elegante, sino que tambi\u00e9n proporciona comodidad y versatilidad. Algunas caracter\u00edsticas que debes considerar al buscar las mejores cu\u00f1as amarillas son la altura del tac\u00f3n, el material y, por supuesto, el dise\u00f1o que se adapte a tu estilo personal.<\/p>\n<p>[aib_post_related url=&#8217;\/blog\/alpargatas-mostaza\/&#8217; title=&#8217;Descubre las alpargatas mostaza imprescindibles esta temporada&#8217; relatedtext=&#8217;Quiz\u00e1s tambi\u00e9n te interese:&#8217;]<\/p>\n<h3><span class=\"ez-toc-section\" id=\"Donde_Comprar_Cunas_Amarillas\"><\/span>D\u00f3nde Comprar Cu\u00f1as Amarillas<span class=\"ez-toc-section-end\"><\/span><\/h3>\n<p>A la hora de<br \/>\n<b>encontrar las mejores cu\u00f1as amarillas<\/b>, es importante buscar en tiendas especializadas que ofrezcan variedad de modelos, tallas y estilos para que puedas encontrar el par perfecto para ti. Una excelente opci\u00f3n es visitar la tienda online de <a href=\"https:\/\/www.calzadospayma.com\">Calzados Payma<\/a>, donde encontrar\u00e1s una amplia selecci\u00f3n de cu\u00f1as amarillas que se ajustar\u00e1n a tus gustos y necesidades.<\/p>\n<p>Recuerda que la elecci\u00f3n de calzado es una decisi\u00f3n personal y depende en gran medida de tus preferencias y estilo propio. En Calzados Payma no solo encontrar\u00e1s una gran variedad de cu\u00f1as amarillas, sino que tambi\u00e9n recibir\u00e1s asesoramiento sobre las \u00faltimas tendencias y c\u00f3mo combinar este tipo de calzado con diferentes outfits. Adem\u00e1s, si prefieres comprar en tiendas f\u00edsicas, puedes consultar el listado de tiendas de <a href=\"https:\/\/www.calzadospayma.com\/es\/tiendas\">Calzados Payma<\/a> para encontrar un lugar cercano donde puedas probar y adquirir tus cu\u00f1as amarillas.<\/p>\n","protected":false},"excerpt":{"rendered":"<p>[ppgbo category=\u00bb99&#8243; counter=\u00bb6&#8243;] Cu\u00f1as Amarillas: La Mejor Opci\u00f3n Para Tu Estilo de Verano Los d\u00edas soleados y las temperaturas c\u00e1lidas nos invitan a renovar nuestro guardarropa, y \u00bfqu\u00e9 mejor manera de hacerlo que con un par de cu\u00f1as amarillas? Esta tendencia de calzado no solo aporta un toque de color y frescura a tus conjuntos&hellip;<\/p>\n","protected":false},"author":4,"featured_media":0,"comment_status":"","ping_status":"open","sticky":false,"template":"","format":"standard","meta":{"footnotes":""},"categories":[449],"tags":[],"_links":{"self":[{"href":"https:\/\/www.calzadospayma.com\/blog\/wp-json\/wp\/v2\/posts\/2307"}],"collection":[{"href":"https:\/\/www.calzadospayma.com\/blog\/wp-json\/wp\/v2\/posts"}],"about":[{"href":"https:\/\/www.calzadospayma.com\/blog\/wp-json\/wp\/v2\/types\/post"}],"author":[{"embeddable":true,"href":"https:\/\/www.calzadospayma.com\/blog\/wp-json\/wp\/v2\/users\/4"}],"replies":[{"embeddable":true,"href":"https:\/\/www.calzadospayma.com\/blog\/wp-json\/wp\/v2\/comments?post=2307"}],"version-history":[{"count":0,"href":"https:\/\/www.calzadospayma.com\/blog\/wp-json\/wp\/v2\/posts\/2307\/revisions"}],"wp:attachment":[{"href":"https:\/\/www.calzadospayma.com\/blog\/wp-json\/wp\/v2\/media?parent=2307"}],"wp:term":[{"taxonomy":"category","embeddable":true,"href":"https:\/\/www.calzadospayma.com\/blog\/wp-json\/wp\/v2\/categories?post=2307"},{"taxonomy":"post_tag","embeddable":true,"href":"https:\/\/www.calzadospayma.com\/blog\/wp-json\/wp\/v2\/tags?post=2307"}],"curies":[{"name":"wp","href":"https:\/\/api.w.org\/{rel}","templated":true}]}}