{"id":2409,"date":"2024-03-23T04:32:14","date_gmt":"2024-03-23T03:32:14","guid":{"rendered":"https:\/\/www.calzadospayma.com\/blog\/cunas-espartenas\/"},"modified":"2024-03-23T04:32:14","modified_gmt":"2024-03-23T03:32:14","slug":"cunas-espartenas","status":"publish","type":"post","link":"https:\/\/www.calzadospayma.com\/blog\/cunas-espartenas\/","title":{"rendered":"Descubre las tendencias en cu\u00f1as esparte\u00f1as para el verano"},"content":{"rendered":"<p>[ppgbo category=\u00bb99&#8243; counter=\u00bb6&#8243;]<\/p><div id=\"ez-toc-container\" class=\"ez-toc-v2_0_82_2 counter-hierarchy ez-toc-counter ez-toc-grey ez-toc-container-direction\">\n<div class=\"ez-toc-title-container\">\n<p class=\"ez-toc-title\" style=\"cursor:inherit\">\u00bfQu\u00e9 vas a encontrar aqu\u00ed?<\/p>\n<span class=\"ez-toc-title-toggle\"><a href=\"#\" class=\"ez-toc-pull-right ez-toc-btn ez-toc-btn-xs ez-toc-btn-default ez-toc-toggle\" aria-label=\"Alternar tabla de contenidos\"><span class=\"ez-toc-js-icon-con\"><span class=\"\"><span class=\"eztoc-hide\" style=\"display:none;\">Toggle<\/span><span class=\"ez-toc-icon-toggle-span\"><svg style=\"fill: #999;color:#999\" xmlns=\"http:\/\/www.w3.org\/2000\/svg\" class=\"list-377408\" width=\"20px\" height=\"20px\" viewBox=\"0 0 24 24\" fill=\"none\"><path d=\"M6 6H4v2h2V6zm14 0H8v2h12V6zM4 11h2v2H4v-2zm16 0H8v2h12v-2zM4 16h2v2H4v-2zm16 0H8v2h12v-2z\" fill=\"currentColor\"><\/path><\/svg><svg style=\"fill: #999;color:#999\" class=\"arrow-unsorted-368013\" xmlns=\"http:\/\/www.w3.org\/2000\/svg\" width=\"10px\" height=\"10px\" viewBox=\"0 0 24 24\" version=\"1.2\" baseProfile=\"tiny\"><path d=\"M18.2 9.3l-6.2-6.3-6.2 6.3c-.2.2-.3.4-.3.7s.1.5.3.7c.2.2.4.3.7.3h11c.3 0 .5-.1.7-.3.2-.2.3-.5.3-.7s-.1-.5-.3-.7zM5.8 14.7l6.2 6.3 6.2-6.3c.2-.2.3-.5.3-.7s-.1-.5-.3-.7c-.2-.2-.4-.3-.7-.3h-11c-.3 0-.5.1-.7.3-.2.2-.3.5-.3.7s.1.5.3.7z\"\/><\/svg><\/span><\/span><\/span><\/a><\/span><\/div>\n<nav><ul class='ez-toc-list ez-toc-list-level-1 ' ><ul class='ez-toc-list-level-2' ><li class='ez-toc-heading-level-2'><a class=\"ez-toc-link ez-toc-heading-1\" href=\"https:\/\/www.calzadospayma.com\/blog\/cunas-espartenas\/#%C2%BFPor_que_las_cunas_espartenas_son_el_calzado_perfecto_para_el_verano\" >\u00bfPor qu\u00e9 las cu\u00f1as esparte\u00f1as son el calzado perfecto para el verano?<\/a><\/li><li class='ez-toc-page-1 ez-toc-heading-level-2'><a class=\"ez-toc-link ez-toc-heading-2\" href=\"https:\/\/www.calzadospayma.com\/blog\/cunas-espartenas\/#Origen_y_tradicion_de_las_cunas_espartenas\" >Origen y tradici\u00f3n de las cu\u00f1as esparte\u00f1as<\/a><\/li><li class='ez-toc-page-1 ez-toc-heading-level-2'><a class=\"ez-toc-link ez-toc-heading-3\" href=\"https:\/\/www.calzadospayma.com\/blog\/cunas-espartenas\/#Consejos_para_combinar_tus_cunas_espartenas_con_estilo\" >Consejos para combinar tus cu\u00f1as esparte\u00f1as con estilo<\/a><ul class='ez-toc-list-level-3' ><li class='ez-toc-heading-level-3'><a class=\"ez-toc-link ez-toc-heading-4\" href=\"https:\/\/www.calzadospayma.com\/blog\/cunas-espartenas\/#Colores_neutros_y_estampados_sutiles\" >Colores neutros y estampados sutiles<\/a><\/li><li class='ez-toc-page-1 ez-toc-heading-level-3'><a class=\"ez-toc-link ez-toc-heading-5\" href=\"https:\/\/www.calzadospayma.com\/blog\/cunas-espartenas\/#Equilibrio_entre_prendas\" >Equilibrio entre prendas<\/a><\/li><\/ul><\/li><li class='ez-toc-page-1 ez-toc-heading-level-2'><a class=\"ez-toc-link ez-toc-heading-6\" href=\"https:\/\/www.calzadospayma.com\/blog\/cunas-espartenas\/#Las_mejores_marcas_de_cunas_espartenas_para_esta_temporada\" >Las mejores marcas de cu\u00f1as esparte\u00f1as para esta temporada<\/a><ul class='ez-toc-list-level-3' ><li class='ez-toc-heading-level-3'><a class=\"ez-toc-link ez-toc-heading-7\" href=\"https:\/\/www.calzadospayma.com\/blog\/cunas-espartenas\/#1_Castaner\" >1. Casta\u00f1er<\/a><\/li><li class='ez-toc-page-1 ez-toc-heading-level-3'><a class=\"ez-toc-link ez-toc-heading-8\" href=\"https:\/\/www.calzadospayma.com\/blog\/cunas-espartenas\/#2_Toni_Pons\" >2. Toni Pons<\/a><\/li><li class='ez-toc-page-1 ez-toc-heading-level-3'><a class=\"ez-toc-link ez-toc-heading-9\" href=\"https:\/\/www.calzadospayma.com\/blog\/cunas-espartenas\/#3_Vidorreta\" >3. Vidorreta<\/a><\/li><\/ul><\/li><li class='ez-toc-page-1 ez-toc-heading-level-2'><a class=\"ez-toc-link ez-toc-heading-10\" href=\"https:\/\/www.calzadospayma.com\/blog\/cunas-espartenas\/#%C2%A1Descubre_como_lucir_espectacular_con_tus_cunas_espartenas_en_cualquier_ocasion\" >\u00a1Descubre c\u00f3mo lucir espectacular con tus cu\u00f1as esparte\u00f1as en cualquier ocasi\u00f3n!<\/a><\/li><\/ul><\/li><li class='ez-toc-page-1 ez-toc-heading-level-1'><a class=\"ez-toc-link ez-toc-heading-11\" href=\"https:\/\/www.calzadospayma.com\/blog\/cunas-espartenas\/#Descubre_como_lucir_espectacular_con_tus_cunas_espartenas_en_cualquier_ocasion\" >Descubre c\u00f3mo lucir espectacular con tus cu\u00f1as esparte\u00f1as en cualquier ocasi\u00f3n<\/a><ul class='ez-toc-list-level-2' ><li class='ez-toc-heading-level-2'><a class=\"ez-toc-link ez-toc-heading-12\" href=\"https:\/\/www.calzadospayma.com\/blog\/cunas-espartenas\/#1_Elige_el_diseno_perfecto_para_ti\" >1. Elige el dise\u00f1o perfecto para ti<\/a><ul class='ez-toc-list-level-3' ><li class='ez-toc-heading-level-3'><a class=\"ez-toc-link ez-toc-heading-13\" href=\"https:\/\/www.calzadospayma.com\/blog\/cunas-espartenas\/#Palabras_claves_secundarias_cunas_espartenas_estampadas_cunas_espartenas_neutras_comodidad_en_cunas_espartenas\" >Palabras claves secundarias: cu\u00f1as esparte\u00f1as estampadas, cu\u00f1as esparte\u00f1as neutras, comodidad en cu\u00f1as esparte\u00f1as<\/a><\/li><\/ul><\/li><li class='ez-toc-page-1 ez-toc-heading-level-2'><a class=\"ez-toc-link ez-toc-heading-14\" href=\"https:\/\/www.calzadospayma.com\/blog\/cunas-espartenas\/#2_Combinalas_con_el_atuendo_perfecto\" >2. Comb\u00ednalas con el atuendo perfecto<\/a><ul class='ez-toc-list-level-3' ><li class='ez-toc-heading-level-3'><a class=\"ez-toc-link ez-toc-heading-15\" href=\"https:\/\/www.calzadospayma.com\/blog\/cunas-espartenas\/#Palabra_clave_secundaria_como_combinar_cunas_espartenas\" >Palabra clave secundaria: c\u00f3mo combinar cu\u00f1as esparte\u00f1as<\/a><\/li><\/ul><\/li><li class='ez-toc-page-1 ez-toc-heading-level-2'><a class=\"ez-toc-link ez-toc-heading-16\" href=\"https:\/\/www.calzadospayma.com\/blog\/cunas-espartenas\/#3_Anade_accesorios_para_un_toque_final\" >3. A\u00f1ade accesorios para un toque final<\/a><ul class='ez-toc-list-level-3' ><li class='ez-toc-heading-level-3'><a class=\"ez-toc-link ez-toc-heading-17\" href=\"https:\/\/www.calzadospayma.com\/blog\/cunas-espartenas\/#Palabra_clave_secundaria_accesorios_para_cunas_espartenas\" >Palabra clave secundaria: accesorios para cu\u00f1as esparte\u00f1as<\/a><\/li><\/ul><\/li><\/ul><\/li><\/ul><\/nav><\/div>\n\n<h2><span class=\"ez-toc-section\" id=\"%C2%BFPor_que_las_cunas_espartenas_son_el_calzado_perfecto_para_el_verano\"><\/span>\u00bfPor qu\u00e9 las cu\u00f1as esparte\u00f1as son el calzado perfecto para el verano?<span class=\"ez-toc-section-end\"><\/span><\/h2>\n<p>Las cu\u00f1as esparte\u00f1as son, sin duda, el calzado perfecto para lucir durante la temporada de verano. Estas cu\u00f1as destacan por ser una opci\u00f3n fresca, c\u00f3moda y vers\u00e1til que se adapta a diferentes estilos y ocasiones. Su dise\u00f1o, que combina la elegancia de las cu\u00f1as con la rusticidad de las esparte\u00f1as, las convierte en un calzado \u00fanico y atractivo para esta \u00e9poca del a\u00f1o.<\/p>\n<p>La comodidad es una de las principales ventajas de las cu\u00f1as esparte\u00f1as. Gracias a su plataforma, proporcionan altura sin sacrificar la estabilidad, permitiendo que puedas caminar con confianza a lo largo del d\u00eda. Adem\u00e1s, su dise\u00f1o abierto y transpirable las hace ideales para enfrentar las altas temperaturas estivales sin renunciar a la moda.<\/p>\n<p>Cuando se trata de estilo, las cu\u00f1as esparte\u00f1as ofrecen una amplia variedad de opciones. Desde modelos con tiras entrelazadas hasta dise\u00f1os con detalles de encaje, hay una cu\u00f1a esparte\u00f1a para cada preferencia y ocasi\u00f3n. Estas opciones permiten adaptar este calzado a conjuntos casuales para el d\u00eda a d\u00eda o a looks m\u00e1s sofisticados para eventos especiales.<\/p>\n<p>En resumen, las cu\u00f1as esparte\u00f1as son una elecci\u00f3n inteligente para el verano, ya que combinan comodidad y estilo en un calzado vers\u00e1til que se adapta a m\u00faltiples contextos. Su dise\u00f1o fresco y a la moda las convierte en una opci\u00f3n atractiva para aquellas que buscan un calzado que les permita disfrutar del verano con estilo y sin renunciar al confort.<\/p>\n<h2><span class=\"ez-toc-section\" id=\"Origen_y_tradicion_de_las_cunas_espartenas\"><\/span>Origen y tradici\u00f3n de las cu\u00f1as esparte\u00f1as<span class=\"ez-toc-section-end\"><\/span><\/h2>\n<p>Origen y tradici\u00f3n de las cu\u00f1as esparte\u00f1as<\/p>\n<p>Las cu\u00f1as esparte\u00f1as tienen una larga historia que se remonta a la antigua Grecia. Se cree que estas sandalias con suela de esparto eran utilizadas por los habitantes de la regi\u00f3n debido a su comodidad y resistencia. Su dise\u00f1o ha perdurado a lo largo de los siglos, manteniendo su esencia y tradici\u00f3n.<\/p>\n<p>En el contexto actual, las cu\u00f1as esparte\u00f1as han evolucionado adapt\u00e1ndose a las tendencias de la moda, convirti\u00e9ndose en un calzado ic\u00f3nico que combina la artesan\u00eda tradicional con el estilo contempor\u00e1neo. La elaboraci\u00f3n artesanal de las cu\u00f1as esparte\u00f1as es un testimonio de la habilidad y dedicaci\u00f3n de los artesanos que han mantenido viva esta tradici\u00f3n a lo largo del tiempo.<\/p>\n<p>Las cu\u00f1as esparte\u00f1as se han convertido en un s\u00edmbolo de elegancia y comodidad para aquellos que buscan un calzado vers\u00e1til y atemporal. Su dise\u00f1o atemporal y su conexi\u00f3n con la naturaleza las han posicionado como una opci\u00f3n popular que trasciende modas pasajeras, demostrando su relevancia en el mundo de la moda actual.<\/p>\n<p>La artesan\u00eda y el legado cultural detr\u00e1s de las cu\u00f1as esparte\u00f1as las convierten en una opci\u00f3n \u00fanica para quienes buscan no solo un calzado de calidad, sino tambi\u00e9n una pieza con historia y tradici\u00f3n.<\/p>\n<h2><span class=\"ez-toc-section\" id=\"Consejos_para_combinar_tus_cunas_espartenas_con_estilo\"><\/span>Consejos para combinar tus cu\u00f1as esparte\u00f1as con estilo<span class=\"ez-toc-section-end\"><\/span><\/h2>\n<p>Como calzar con estilo es una preocupaci\u00f3n com\u00fan para muchas personas, es importante saber c\u00f3mo combinar tus cu\u00f1as esparte\u00f1as de manera adecuada. Estas vers\u00e1tiles y c\u00f3modas cu\u00f1as son una excelente opci\u00f3n para a\u00f1adir un toque de elegancia y comodidad a cualquier atuendo. Aqu\u00ed te proporcionar\u00e9 algunos consejos para maximizar tu estilo al llevar cu\u00f1as esparte\u00f1as.<\/p>\n<h3><span class=\"ez-toc-section\" id=\"Colores_neutros_y_estampados_sutiles\"><\/span>Colores neutros y estampados sutiles<span class=\"ez-toc-section-end\"><\/span><\/h3>\n<p>A la hora de combinar tus cu\u00f1as esparte\u00f1as, los colores neutros como negro, blanco, beige o tonos tierra suelen ser opciones seguras que se adaptan a una amplia gama de conjuntos. Asimismo, los estampados sutiles como rayas o motivos florales pueden a\u00f1adir un toque de inter\u00e9s a tu look sin dominar la atenci\u00f3n.<\/p>\n<h3><span class=\"ez-toc-section\" id=\"Equilibrio_entre_prendas\"><\/span>Equilibrio entre prendas<span class=\"ez-toc-section-end\"><\/span><\/h3>\n<p>Es importante encontrar un equilibrio entre las prendas que vayas a lucir con tus cu\u00f1as esparte\u00f1as. Si optas por un vestido llamativo, unas cu\u00f1as neutras pueden proporcionar un contraste equilibrado. Por otro lado, si tu vestuario tiende a ser m\u00e1s sencillo, unas cu\u00f1as con detalles decorativos pueden realzar tu estilo sin sobrecargarlo.<\/p>\n<p>Utiliza prendas que complementen el aspecto informal y relajado de las cu\u00f1as esparte\u00f1as, como faldas midi, pantalones capri o pantalones anchos. Este equilibrio garantizar\u00e1 que tus cu\u00f1as esparte\u00f1as se conviertan en un punto focal positivo en tus conjuntos.<\/p>\n<p>Con estos consejos, estar\u00e1s lista para combinar tus cu\u00f1as esparte\u00f1as con estilo y confianza, a\u00f1adiendo un toque trendy y veraniego a tu apariencia diaria. Recuerda que la versatilidad de las cu\u00f1as esparte\u00f1as te permite experimentar con distintas combinaciones para encontrar la que mejor se adapte a tu personalidad y ocasi\u00f3n.<\/p>\n<p>No dudes en probar diferentes looks y descubrir c\u00f3mo estas elegantes cu\u00f1as pueden transformar tus conjuntos de primavera y verano, sin sacrificar comodidad.<\/p>\n<h2><span class=\"ez-toc-section\" id=\"Las_mejores_marcas_de_cunas_espartenas_para_esta_temporada\"><\/span>Las mejores marcas de cu\u00f1as esparte\u00f1as para esta temporada<span class=\"ez-toc-section-end\"><\/span><\/h2>\n<p>Cuando se trata de encontrar las mejores cu\u00f1as esparte\u00f1as para esta temporada, es fundamental considerar las marcas que ofrecen calidad, comodidad y estilo. Las cu\u00f1as esparte\u00f1as son una elecci\u00f3n popular para quienes buscan combinar altura y elegancia con la frescura del verano. A continuaci\u00f3n, te presentaremos algunas de las marcas destacadas en este tipo de calzado, para que puedas tomar una decisi\u00f3n informada al elegir tus pr\u00f3ximas cu\u00f1as esparte\u00f1as.<\/p>\n<h3><span class=\"ez-toc-section\" id=\"1_Castaner\"><\/span>1. Casta\u00f1er<span class=\"ez-toc-section-end\"><\/span><\/h3>\n<p>Esta reconocida marca espa\u00f1ola se ha ganado una reputaci\u00f3n por sus cu\u00f1as esparte\u00f1as de alta calidad. Con dise\u00f1os innovadores y materiales duraderos, las cu\u00f1as de Casta\u00f1er son una opci\u00f3n sofisticada y atemporal para cualquier ocasi\u00f3n. Su variedad de altura de tac\u00f3n y colores asegura que puedas encontrar el par perfecto para complementar tu estilo personal.<\/p>\n<h3><span class=\"ez-toc-section\" id=\"2_Toni_Pons\"><\/span>2. Toni Pons<span class=\"ez-toc-section-end\"><\/span><\/h3>\n<p>Con una mezcla de tradici\u00f3n artesanal y estilo contempor\u00e1neo, Toni Pons ofrece una amplia gama de cu\u00f1as esparte\u00f1as que destacan por su comodidad y versatilidad. Desde modelos cl\u00e1sicos hasta propuestas m\u00e1s modernas, esta marca se ha convertido en referente para quienes buscan combinar elegancia y confort en sus cu\u00f1as esparte\u00f1as.<\/p>\n<h3><span class=\"ez-toc-section\" id=\"3_Vidorreta\"><\/span>3. Vidorreta<span class=\"ez-toc-section-end\"><\/span><\/h3>\n<p>Con una propuesta de dise\u00f1o fresco y desenfadado, Vidorreta ha sabido capturar la esencia del verano en sus cu\u00f1as esparte\u00f1as. Sus modelos est\u00e1n confeccionados con esmero y atenci\u00f3n al detalle, ofreciendo opciones tanto para looks casuales como m\u00e1s sofisticados. Adem\u00e1s, su enfoque en la sostenibilidad y el respeto al medio ambiente a\u00f1ade un atractivo adicional a sus productos.<\/p>\n<p>Estas marcas representan solo una muestra de la amplia variedad de opciones disponibles en el mercado de cu\u00f1as esparte\u00f1as. Al considerar factores como calidad, comodidad, estilo y preferencias personales, podr\u00e1s encontrar el par perfecto que se adapte a tus necesidades y te permita lucir a la moda esta temporada.<\/p>\n<p>Con informaci\u00f3n de calidad y una amplia selecci\u00f3n de marcas para elegir, esperamos que esta gu\u00eda te ayude a tomar una decisi\u00f3n informada al buscar cu\u00f1as esparte\u00f1as para esta temporada.[ppgbo category=\u00bb99&#8243; counter=\u00bb6&#8243;]<\/p>\n<h2><span class=\"ez-toc-section\" id=\"%C2%A1Descubre_como_lucir_espectacular_con_tus_cunas_espartenas_en_cualquier_ocasion\"><\/span>\u00a1Descubre c\u00f3mo lucir espectacular con tus cu\u00f1as esparte\u00f1as en cualquier ocasi\u00f3n!<span class=\"ez-toc-section-end\"><\/span><\/h2>\n<h1><span class=\"ez-toc-section\" id=\"Descubre_como_lucir_espectacular_con_tus_cunas_espartenas_en_cualquier_ocasion\"><\/span>Descubre c\u00f3mo lucir espectacular con tus cu\u00f1as esparte\u00f1as en cualquier ocasi\u00f3n<span class=\"ez-toc-section-end\"><\/span><\/h1>\n<p>\u00bfTe gustar\u00eda conocer los mejores consejos para lucir fenomenal con tus cu\u00f1as esparte\u00f1as en cualquier situaci\u00f3n? Sigue leyendo para descubrir c\u00f3mo realzar tu estilo con este calzado tan vers\u00e1til y trendy.<\/p>\n<p>    [aib_post_related url=&#8217;\/blog\/cuna-yute\/&#8217; title=&#8217;Descubre las mejores cu\u00f1as de yute para lucir con estilo&#8217; relatedtext=&#8217;Quiz\u00e1s tambi\u00e9n te interese:&#8217;]<\/p>\n<h2><span class=\"ez-toc-section\" id=\"1_Elige_el_diseno_perfecto_para_ti\"><\/span>1. Elige el dise\u00f1o perfecto para ti<span class=\"ez-toc-section-end\"><\/span><\/h2>\n<p>Cuando se trata de cu\u00f1as esparte\u00f1as, la variedad de dise\u00f1os es infinita. Desde estampados vibrantes hasta colores neutros, aseg\u00farate de seleccionar un dise\u00f1o que se ajuste a tu personalidad y al evento al que planeas asistir. La comodidad es clave, as\u00ed que no te olvides de considerar la altura del tac\u00f3n y el tipo de suela para garantizar que puedas desplazarte con confianza durante todo el d\u00eda.<\/p>\n<h3><span class=\"ez-toc-section\" id=\"Palabras_claves_secundarias_cunas_espartenas_estampadas_cunas_espartenas_neutras_comodidad_en_cunas_espartenas\"><\/span>Palabras claves secundarias: cu\u00f1as esparte\u00f1as estampadas, cu\u00f1as esparte\u00f1as neutras, comodidad en cu\u00f1as esparte\u00f1as<span class=\"ez-toc-section-end\"><\/span><\/h3>\n<h2><span class=\"ez-toc-section\" id=\"2_Combinalas_con_el_atuendo_perfecto\"><\/span>2. Comb\u00ednalas con el atuendo perfecto<span class=\"ez-toc-section-end\"><\/span><\/h2>\n<p>    [aib_post_related url=&#8217;\/blog\/alpargatas-baratas-espana\/&#8217; title=&#8217;Alpargatas: las mejores opciones en calzado espa\u00f1ol a precios incre\u00edbles&#8217; relatedtext=&#8217;Quiz\u00e1s tambi\u00e9n te interese:&#8217;]<\/p>\n<p>Las cu\u00f1as esparte\u00f1as pueden elevar instant\u00e1neamente un look casual o aportar un toque de elegancia a un conjunto m\u00e1s formal. Combin\u00e9moslas con un vestido vaporoso para un aire bohemio o con unos vaqueros ajustados para un estilo m\u00e1s relajado. La versatilidad de las cu\u00f1as esparte\u00f1as te permitir\u00e1 crear una infinidad de looks \u00fanicos y atractivos.<\/p>\n<h3><span class=\"ez-toc-section\" id=\"Palabra_clave_secundaria_como_combinar_cunas_espartenas\"><\/span>Palabra clave secundaria: c\u00f3mo combinar cu\u00f1as esparte\u00f1as<span class=\"ez-toc-section-end\"><\/span><\/h3>\n<p>    [ppgbo category=\u00bb99&#8243; counter=\u00bb6&#8243;]<\/p>\n<h2><span class=\"ez-toc-section\" id=\"3_Anade_accesorios_para_un_toque_final\"><\/span>3. A\u00f1ade accesorios para un toque final<span class=\"ez-toc-section-end\"><\/span><\/h2>\n<p>Los accesorios adecuados pueden potenciar a\u00fan m\u00e1s la elegancia de tus cu\u00f1as esparte\u00f1as. Considera complementarlas con unos pendientes llamativos, una pulsera o un bolso que realce tu conjunto. Recuerda que la coherencia en la elecci\u00f3n de accesorios puede marcar la diferencia en tu apariencia general.<\/p>\n<p>    [aib_post_related url=&#8217;\/blog\/alpargatas-de-fiesta-boda\/&#8217; title=&#8217;Alpargatas de fiesta: las tendencias para bodas&#8217; relatedtext=&#8217;Quiz\u00e1s tambi\u00e9n te interese:&#8217;]<\/p>\n<h3><span class=\"ez-toc-section\" id=\"Palabra_clave_secundaria_accesorios_para_cunas_espartenas\"><\/span>Palabra clave secundaria: accesorios para cu\u00f1as esparte\u00f1as<span class=\"ez-toc-section-end\"><\/span><\/h3>\n","protected":false},"excerpt":{"rendered":"<p>[ppgbo category=\u00bb99&#8243; counter=\u00bb6&#8243;] \u00bfPor qu\u00e9 las cu\u00f1as esparte\u00f1as son el calzado perfecto para el verano? Las cu\u00f1as esparte\u00f1as son, sin duda, el calzado perfecto para lucir durante la temporada de verano. Estas cu\u00f1as destacan por ser una opci\u00f3n fresca, c\u00f3moda y vers\u00e1til que se adapta a diferentes estilos y ocasiones. Su dise\u00f1o, que combina la&hellip;<\/p>\n","protected":false},"author":4,"featured_media":0,"comment_status":"","ping_status":"open","sticky":false,"template":"","format":"standard","meta":{"footnotes":""},"categories":[449],"tags":[],"_links":{"self":[{"href":"https:\/\/www.calzadospayma.com\/blog\/wp-json\/wp\/v2\/posts\/2409"}],"collection":[{"href":"https:\/\/www.calzadospayma.com\/blog\/wp-json\/wp\/v2\/posts"}],"about":[{"href":"https:\/\/www.calzadospayma.com\/blog\/wp-json\/wp\/v2\/types\/post"}],"author":[{"embeddable":true,"href":"https:\/\/www.calzadospayma.com\/blog\/wp-json\/wp\/v2\/users\/4"}],"replies":[{"embeddable":true,"href":"https:\/\/www.calzadospayma.com\/blog\/wp-json\/wp\/v2\/comments?post=2409"}],"version-history":[{"count":0,"href":"https:\/\/www.calzadospayma.com\/blog\/wp-json\/wp\/v2\/posts\/2409\/revisions"}],"wp:attachment":[{"href":"https:\/\/www.calzadospayma.com\/blog\/wp-json\/wp\/v2\/media?parent=2409"}],"wp:term":[{"taxonomy":"category","embeddable":true,"href":"https:\/\/www.calzadospayma.com\/blog\/wp-json\/wp\/v2\/categories?post=2409"},{"taxonomy":"post_tag","embeddable":true,"href":"https:\/\/www.calzadospayma.com\/blog\/wp-json\/wp\/v2\/tags?post=2409"}],"curies":[{"name":"wp","href":"https:\/\/api.w.org\/{rel}","templated":true}]}}