{"id":2446,"date":"2024-03-23T10:35:32","date_gmt":"2024-03-23T09:35:32","guid":{"rendered":"https:\/\/www.calzadospayma.com\/blog\/cunas-esparto-flamenca\/"},"modified":"2024-03-23T10:35:32","modified_gmt":"2024-03-23T09:35:32","slug":"cunas-esparto-flamenca","status":"publish","type":"post","link":"https:\/\/www.calzadospayma.com\/blog\/cunas-esparto-flamenca\/","title":{"rendered":"Descubre las mejores cu\u00f1as de esparto para lucir en tu look flamenca"},"content":{"rendered":"<p>[ppgbo category=\u00bb99&#8243; counter=\u00bb6&#8243;]<\/p><div id=\"ez-toc-container\" class=\"ez-toc-v2_0_82_2 counter-hierarchy ez-toc-counter ez-toc-grey ez-toc-container-direction\">\n<div class=\"ez-toc-title-container\">\n<p class=\"ez-toc-title\" style=\"cursor:inherit\">\u00bfQu\u00e9 vas a encontrar aqu\u00ed?<\/p>\n<span class=\"ez-toc-title-toggle\"><a href=\"#\" class=\"ez-toc-pull-right ez-toc-btn ez-toc-btn-xs ez-toc-btn-default ez-toc-toggle\" aria-label=\"Alternar tabla de contenidos\"><span class=\"ez-toc-js-icon-con\"><span class=\"\"><span class=\"eztoc-hide\" style=\"display:none;\">Toggle<\/span><span class=\"ez-toc-icon-toggle-span\"><svg style=\"fill: #999;color:#999\" xmlns=\"http:\/\/www.w3.org\/2000\/svg\" class=\"list-377408\" width=\"20px\" height=\"20px\" viewBox=\"0 0 24 24\" fill=\"none\"><path d=\"M6 6H4v2h2V6zm14 0H8v2h12V6zM4 11h2v2H4v-2zm16 0H8v2h12v-2zM4 16h2v2H4v-2zm16 0H8v2h12v-2z\" fill=\"currentColor\"><\/path><\/svg><svg style=\"fill: #999;color:#999\" class=\"arrow-unsorted-368013\" xmlns=\"http:\/\/www.w3.org\/2000\/svg\" width=\"10px\" height=\"10px\" viewBox=\"0 0 24 24\" version=\"1.2\" baseProfile=\"tiny\"><path d=\"M18.2 9.3l-6.2-6.3-6.2 6.3c-.2.2-.3.4-.3.7s.1.5.3.7c.2.2.4.3.7.3h11c.3 0 .5-.1.7-.3.2-.2.3-.5.3-.7s-.1-.5-.3-.7zM5.8 14.7l6.2 6.3 6.2-6.3c.2-.2.3-.5.3-.7s-.1-.5-.3-.7c-.2-.2-.4-.3-.7-.3h-11c-.3 0-.5.1-.7.3-.2.2-.3.5-.3.7s.1.5.3.7z\"\/><\/svg><\/span><\/span><\/span><\/a><\/span><\/div>\n<nav><ul class='ez-toc-list ez-toc-list-level-1 ' ><li class='ez-toc-page-1 ez-toc-heading-level-2'><a class=\"ez-toc-link ez-toc-heading-1\" href=\"https:\/\/www.calzadospayma.com\/blog\/cunas-esparto-flamenca\/#1_La_Tradicion_de_las_Cunas_de_Esparto_en_el_Flamenco\" >1. La Tradici\u00f3n de las Cu\u00f1as de Esparto en el Flamenco<\/a><\/li><li class='ez-toc-page-1 ez-toc-heading-level-2'><a class=\"ez-toc-link ez-toc-heading-2\" href=\"https:\/\/www.calzadospayma.com\/blog\/cunas-esparto-flamenca\/#2_Cunas_de_Esparto_Comodidad_y_Estilo\" >2. Cu\u00f1as de Esparto: Comodidad y Estilo<\/a><\/li><li class='ez-toc-page-1 ez-toc-heading-level-2'><a class=\"ez-toc-link ez-toc-heading-3\" href=\"https:\/\/www.calzadospayma.com\/blog\/cunas-esparto-flamenca\/#3_Consejos_para_Elegir_las_Cunas_de_Esparto_Ideales\" >3. Consejos para Elegir las Cu\u00f1as de Esparto Ideales<\/a><ul class='ez-toc-list-level-3' ><li class='ez-toc-heading-level-3'><a class=\"ez-toc-link ez-toc-heading-4\" href=\"https:\/\/www.calzadospayma.com\/blog\/cunas-esparto-flamenca\/#Factores_a_considerar_al_elegir_cunas_de_esparto\" >Factores a considerar al elegir cu\u00f1as de esparto<\/a><\/li><\/ul><\/li><li class='ez-toc-page-1 ez-toc-heading-level-2'><a class=\"ez-toc-link ez-toc-heading-5\" href=\"https:\/\/www.calzadospayma.com\/blog\/cunas-esparto-flamenca\/#4_Las_Cunas_de_Esparto_mas_Populares_del_Momento\" >4. Las Cu\u00f1as de Esparto m\u00e1s Populares del Momento<\/a><\/li><li class='ez-toc-page-1 ez-toc-heading-level-2'><a class=\"ez-toc-link ez-toc-heading-6\" href=\"https:\/\/www.calzadospayma.com\/blog\/cunas-esparto-flamenca\/#5_Cuidados_y_Mantenimiento_de_las_Cunas_de_Esparto\" >5. Cuidados y Mantenimiento de las Cu\u00f1as de Esparto<\/a><ul class='ez-toc-list-level-3' ><li class='ez-toc-heading-level-3'><a class=\"ez-toc-link ez-toc-heading-7\" href=\"https:\/\/www.calzadospayma.com\/blog\/cunas-esparto-flamenca\/#Como_limpiar_las_cunas_de_esparto\" >C\u00f3mo limpiar las cu\u00f1as de esparto<\/a><\/li><li class='ez-toc-page-1 ez-toc-heading-level-3'><a class=\"ez-toc-link ez-toc-heading-8\" href=\"https:\/\/www.calzadospayma.com\/blog\/cunas-esparto-flamenca\/#Proteccion_frente_a_la_humedad\" >Protecci\u00f3n frente a la humedad<\/a><\/li><li class='ez-toc-page-1 ez-toc-heading-level-3'><a class=\"ez-toc-link ez-toc-heading-9\" href=\"https:\/\/www.calzadospayma.com\/blog\/cunas-esparto-flamenca\/#Almacenamiento_adecuado\" >Almacenamiento adecuado<\/a><\/li><\/ul><\/li><\/ul><\/nav><\/div>\n\n<h2><span class=\"ez-toc-section\" id=\"1_La_Tradicion_de_las_Cunas_de_Esparto_en_el_Flamenco\"><\/span>1. La Tradici\u00f3n de las Cu\u00f1as de Esparto en el Flamenco<span class=\"ez-toc-section-end\"><\/span><\/h2>\n<p>La tradici\u00f3n de las cu\u00f1as de esparto en el flamenco es un elemento ic\u00f3nico que ha perdurado a lo largo de los a\u00f1os. Las cu\u00f1as de esparto, tambi\u00e9n conocidas como \u00abalpargatas\u00bb, han sido un componente esencial del atuendo flamenco, a\u00f1adiendo un toque distintivo y elegante a las vestimentas tradicionales de baile.<\/p>\n<p>El uso de cu\u00f1as de esparto en el flamenco tiene ra\u00edces hist\u00f3ricas profundas. Estos zapatos, con sus suelas de esparto natural y correas de tela, no solo ofrecen comodidad y soporte durante las intensas y apasionadas actuaciones de baile flamenco, sino que tambi\u00e9n simbolizan la conexi\u00f3n con la tierra y la tradici\u00f3n artesanal.<\/p>\n<p>La versatilidad de las cu\u00f1as de esparto en el flamenco se refleja en su capacidad para complementar una amplia gama de trajes de baile. Desde los trajes m\u00e1s vibrantes y coloridos hasta los trajes m\u00e1s tradicionales y sobrios, las cu\u00f1as de esparto agregan un toque de autenticidad y estilo que define la est\u00e9tica del baile flamenco.<\/p>\n<p>La importancia cultural y est\u00e9tica de las cu\u00f1as de esparto en el flamenco trasciende las fronteras espa\u00f1olas, ganando reconocimiento y admiraci\u00f3n en todo el mundo. Su elegancia natural y su arraigada historia las convierten en un elemento imprescindible en la indumentaria de los bailaores de flamenco, manteniendo viva la tradici\u00f3n y la pasi\u00f3n por este arte ancestral.  <\/p>\n<p>**Keywords**: cu\u00f1as de esparto, flamenco, alpargatas, baile flamenco, tradici\u00f3n, zapatos flamencos<\/p>\n<h2><span class=\"ez-toc-section\" id=\"2_Cunas_de_Esparto_Comodidad_y_Estilo\"><\/span>2. Cu\u00f1as de Esparto: Comodidad y Estilo<span class=\"ez-toc-section-end\"><\/span><\/h2>\n<p>Las cu\u00f1as de esparto son uno de los calzados m\u00e1s representativos de la cultura espa\u00f1ola, especialmente en el contexto de la moda flamenca. La combinaci\u00f3n de comodidad y estilo que ofrecen las cu\u00f1as de esparto las ha convertido en un elemento distintivo y muy solicitado, tanto por locales como por visitantes que desean experimentar la autenticidad y tradici\u00f3n del calzado espa\u00f1ol.<\/p>\n<p>Si bien las cu\u00f1as de esparto se han asociado tradicionalmente con trajes de flamenca, su versatilidad las hace adecuadas para una variedad de ocasiones, desde eventos formales hasta looks m\u00e1s informales. El material natural de esparto brinda transpirabilidad y confort, mientras que su dise\u00f1o atemporal agrega un toque de elegancia a cualquier conjunto.<\/p>\n<p>Al considerar la b\u00fasqueda de cu\u00f1as de esparto flamenca, es importante tener en cuenta aspectos clave como la altura del tac\u00f3n, la sujeci\u00f3n del tobillo y la calidad del material. Adem\u00e1s, es fundamental encontrar un equilibrio entre estilo y funcionalidad al seleccionar el par perfecto.<\/p>\n<p>Explorar las diferentes opciones de cu\u00f1as de esparto disponibles en el mercado puede proporcionar una comprensi\u00f3n m\u00e1s amplia de las tendencias actuales, los detalles de dise\u00f1o y las combinaciones de colores. Al conocer las caracter\u00edsticas espec\u00edficas que ofrecen estas cu\u00f1as de esparto, se puede tomar una decisi\u00f3n informada para satisfacer las necesidades individuales de estilo y confort.[aib_post_related url=&#8217;\/blog\/alpargatas-novia-baratas\/&#8217; title=&#8217;Encuentra alpargatas de novia econ\u00f3micas para lucir espectacular&#8217; relatedtext=&#8217;Quiz\u00e1s tambi\u00e9n te interese:&#8217;][ppgbo category=\u00bb99&#8243; counter=\u00bb6&#8243;]<\/p>\n<h2><span class=\"ez-toc-section\" id=\"3_Consejos_para_Elegir_las_Cunas_de_Esparto_Ideales\"><\/span>3. Consejos para Elegir las Cu\u00f1as de Esparto Ideales<span class=\"ez-toc-section-end\"><\/span><\/h2>\n<p>Para elegir las cu\u00f1as de esparto ideales para tu outfit flamenca, es importante tener en cuenta algunos aspectos clave que te ayudar\u00e1n a encontrar el par perfecto. A continuaci\u00f3n, te brindamos algunos consejos para que puedas tomar una decisi\u00f3n informada y satisfactoria.<\/p>\n<h3><span class=\"ez-toc-section\" id=\"Factores_a_considerar_al_elegir_cunas_de_esparto\"><\/span>Factores a considerar al elegir cu\u00f1as de esparto<span class=\"ez-toc-section-end\"><\/span><\/h3>\n<ol>\n<li>Altura del tac\u00f3n: Determina la altura del tac\u00f3n que te resulte c\u00f3moda y te permita mantener una postura adecuada durante largos periodos de tiempo. Recuerda que las cu\u00f1as de esparto ofrecen estabilidad adicional en comparaci\u00f3n con los tacones tradicionales.<\/li>\n<li>Material y estilo: Considera el material de las cu\u00f1as, as\u00ed como su estilo y dise\u00f1o. Las cu\u00f1as de esparto son populares por su aspecto artesanal y natural, que combina a la perfecci\u00f3n con trajes flamencos.<\/li>\n<li>Comodidad y ajuste: Prioriza la comodidad y el ajuste adecuado. Opta por cu\u00f1as que brinden un buen soporte para el arco del pie y que permitan un movimiento natural al caminar y bailar.<\/li>\n<li>Versatilidad: Si planeas utilizar las cu\u00f1as en diferentes ocasiones, elige un modelo vers\u00e1til que pueda adaptarse a distintos estilos de vestimenta.<\/li>\n<\/ol>\n<p>Al seguir estos consejos y considerar tus preferencias personales, estar\u00e1s m\u00e1s cerca de encontrar las cu\u00f1as de esparto ideales que complementen tu atuendo flamenca. Recuerda que la elecci\u00f3n del calzado es fundamental para lucir radiante y sentirte c\u00f3moda en cualquier evento o celebraci\u00f3n.<\/p>\n<h2><span class=\"ez-toc-section\" id=\"4_Las_Cunas_de_Esparto_mas_Populares_del_Momento\"><\/span>4. Las Cu\u00f1as de Esparto m\u00e1s Populares del Momento<span class=\"ez-toc-section-end\"><\/span><\/h2>\n<p>Las cu\u00f1as de esparto son un calzado ic\u00f3nico que combina comodidad y estilo. En el mundo de la moda flamenca, estas cu\u00f1as son una opci\u00f3n popular por su est\u00e9tica tradicional y su versatilidad para complementar trajes t\u00edpicos. En este art\u00edculo exploraremos algunas de las cu\u00f1as de esparto m\u00e1s buscadas y apreciadas en la actualidad.<\/p>\n<p>Contin\u00faa leyendo para descubrir cu\u00e1les son las tendencias m\u00e1s recientes en cu\u00f1as de esparto y encontrar inspiraci\u00f3n para tus looks flamencos. Encontrar\u00e1s recomendaciones para seleccionar el par perfecto que se adapte a tu estilo y necesidades.<\/p>\n<p>Al analizar las cu\u00f1as de esparto m\u00e1s populares del momento, podr\u00e1s obtener informaci\u00f3n detallada sobre los dise\u00f1os, materiales y colores que est\u00e1n marcando tendencia en el \u00e1mbito de la moda flamenca. Del\u00e9itate con una selecci\u00f3n especial de opciones que seguramente llamar\u00e1n tu atenci\u00f3n y te inspirar\u00e1n en tu pr\u00f3xima adquisici\u00f3n.<\/p>\n<p>No te pierdas la oportunidad de explorar las \u00faltimas tendencias en cu\u00f1as de esparto y descubrir por qu\u00e9 este calzado es un elemento imprescindible en el armario de cualquier apasionado de la moda flamenca.[ppgbo category=\u00bb99&#8243; counter=\u00bb6&#8243;]<\/p>\n<h2><span class=\"ez-toc-section\" id=\"5_Cuidados_y_Mantenimiento_de_las_Cunas_de_Esparto\"><\/span>5. Cuidados y Mantenimiento de las Cu\u00f1as de Esparto<span class=\"ez-toc-section-end\"><\/span><\/h2>\n<p>Los cuidados y mantenimiento de las cu\u00f1as de esparto son fundamentales para conservar su belleza y durabilidad. Las cu\u00f1as de esparto flamenca son un complemento tradicional y elegante que requiere ciertos cuidados espec\u00edficos para conservar su aspecto original y garantizar su durabilidad a lo largo del tiempo. A continuaci\u00f3n, se detallan algunas recomendaciones para cuidar apropiadamente este tipo de calzado.<\/p>\n<p>[aib_post_related url=&#8217;\/blog\/alpargatas-ibicencas-mujer\/&#8217; title=&#8217;Descubre las mejores alpargatas ibicencas para mujeres en moda verano&#8217; relatedtext=&#8217;Quiz\u00e1s tambi\u00e9n te interese:&#8217;]<\/p>\n<h3><span class=\"ez-toc-section\" id=\"Como_limpiar_las_cunas_de_esparto\"><\/span>C\u00f3mo limpiar las cu\u00f1as de esparto<span class=\"ez-toc-section-end\"><\/span><\/h3>\n<p>Es importante limpiar regularmente las cu\u00f1as de esparto para evitar la acumulaci\u00f3n de suciedad y el deterioro del material. Para limpiarlas, utiliza un cepillo suave o un pa\u00f1o h\u00famedo para eliminar el polvo y la suciedad superficial. Evita el uso de productos qu\u00edmicos agresivos que puedan da\u00f1ar el esparto o alterar su color natural.<\/p>\n<h3><span class=\"ez-toc-section\" id=\"Proteccion_frente_a_la_humedad\"><\/span>Protecci\u00f3n frente a la humedad<span class=\"ez-toc-section-end\"><\/span><\/h3>\n<p>El esparto es sensible a la humedad, por lo que es crucial proteger las cu\u00f1as de esparto de la lluvia y la humedad excesiva. Si las cu\u00f1as se mojan, d\u00e9jalas secar de forma natural a temperatura ambiente, lejos de fuentes directas de calor, para evitar deformaciones en el material.<\/p>\n<p>[aib_post_related url=&#8217;\/blog\/calzados-cunas\/&#8217; title=&#8217;Descubre los mejores calzados cu\u00f1as para lucir a la moda esta temporada&#8217; relatedtext=&#8217;Quiz\u00e1s tambi\u00e9n te interese:&#8217;]<\/p>\n<h3><span class=\"ez-toc-section\" id=\"Almacenamiento_adecuado\"><\/span>Almacenamiento adecuado<span class=\"ez-toc-section-end\"><\/span><\/h3>\n<p>Cuando no est\u00e9s usando tus cu\u00f1as de esparto, gu\u00e1rdalas en un lugar fresco y seco, preferiblemente en una bolsa de tela transpirable para protegerlas del polvo y la luz directa del sol. Evita aplastarlas o doblarlas, ya que el esparto puede perder su forma original.<\/p>\n<p>Estos sencillos cuidados y mantenimiento te ayudar\u00e1n a preservar la belleza y la calidad de tus cu\u00f1as de esparto flamenca, permiti\u00e9ndote disfrutar de ellas durante muchas temporadas. Recuerda que el esparto es un material natural que requiere un trato delicado para conservar su atractivo y singularidad.<\/p>\n","protected":false},"excerpt":{"rendered":"<p>[ppgbo category=\u00bb99&#8243; counter=\u00bb6&#8243;] 1. La Tradici\u00f3n de las Cu\u00f1as de Esparto en el Flamenco La tradici\u00f3n de las cu\u00f1as de esparto en el flamenco es un elemento ic\u00f3nico que ha perdurado a lo largo de los a\u00f1os. Las cu\u00f1as de esparto, tambi\u00e9n conocidas como \u00abalpargatas\u00bb, han sido un componente esencial del atuendo flamenco, a\u00f1adiendo un&hellip;<\/p>\n","protected":false},"author":4,"featured_media":0,"comment_status":"","ping_status":"open","sticky":false,"template":"","format":"standard","meta":{"footnotes":""},"categories":[449],"tags":[],"_links":{"self":[{"href":"https:\/\/www.calzadospayma.com\/blog\/wp-json\/wp\/v2\/posts\/2446"}],"collection":[{"href":"https:\/\/www.calzadospayma.com\/blog\/wp-json\/wp\/v2\/posts"}],"about":[{"href":"https:\/\/www.calzadospayma.com\/blog\/wp-json\/wp\/v2\/types\/post"}],"author":[{"embeddable":true,"href":"https:\/\/www.calzadospayma.com\/blog\/wp-json\/wp\/v2\/users\/4"}],"replies":[{"embeddable":true,"href":"https:\/\/www.calzadospayma.com\/blog\/wp-json\/wp\/v2\/comments?post=2446"}],"version-history":[{"count":0,"href":"https:\/\/www.calzadospayma.com\/blog\/wp-json\/wp\/v2\/posts\/2446\/revisions"}],"wp:attachment":[{"href":"https:\/\/www.calzadospayma.com\/blog\/wp-json\/wp\/v2\/media?parent=2446"}],"wp:term":[{"taxonomy":"category","embeddable":true,"href":"https:\/\/www.calzadospayma.com\/blog\/wp-json\/wp\/v2\/categories?post=2446"},{"taxonomy":"post_tag","embeddable":true,"href":"https:\/\/www.calzadospayma.com\/blog\/wp-json\/wp\/v2\/tags?post=2446"}],"curies":[{"name":"wp","href":"https:\/\/api.w.org\/{rel}","templated":true}]}}