{"id":2487,"date":"2024-03-23T17:44:53","date_gmt":"2024-03-23T16:44:53","guid":{"rendered":"https:\/\/www.calzadospayma.com\/blog\/cunas-esparto-sin-atar\/"},"modified":"2024-03-23T17:44:53","modified_gmt":"2024-03-23T16:44:53","slug":"cunas-esparto-sin-atar","status":"publish","type":"post","link":"https:\/\/www.calzadospayma.com\/blog\/cunas-esparto-sin-atar\/","title":{"rendered":"Cu\u00f1as de esparto sin atar: las \u00faltimas tendencias en calzado veraniego"},"content":{"rendered":"<p>\u00bfAlguna vez te has preguntado por qu\u00e9 deber\u00edas considerar las cu\u00f1as de esparto sin atar como una opci\u00f3n para tu calzado de verano?<\/p><div id=\"ez-toc-container\" class=\"ez-toc-v2_0_82_2 counter-hierarchy ez-toc-counter ez-toc-grey ez-toc-container-direction\">\n<div class=\"ez-toc-title-container\">\n<p class=\"ez-toc-title\" style=\"cursor:inherit\">\u00bfQu\u00e9 vas a encontrar aqu\u00ed?<\/p>\n<span class=\"ez-toc-title-toggle\"><a href=\"#\" class=\"ez-toc-pull-right ez-toc-btn ez-toc-btn-xs ez-toc-btn-default ez-toc-toggle\" aria-label=\"Alternar tabla de contenidos\"><span class=\"ez-toc-js-icon-con\"><span class=\"\"><span class=\"eztoc-hide\" style=\"display:none;\">Toggle<\/span><span class=\"ez-toc-icon-toggle-span\"><svg style=\"fill: #999;color:#999\" xmlns=\"http:\/\/www.w3.org\/2000\/svg\" class=\"list-377408\" width=\"20px\" height=\"20px\" viewBox=\"0 0 24 24\" fill=\"none\"><path d=\"M6 6H4v2h2V6zm14 0H8v2h12V6zM4 11h2v2H4v-2zm16 0H8v2h12v-2zM4 16h2v2H4v-2zm16 0H8v2h12v-2z\" fill=\"currentColor\"><\/path><\/svg><svg style=\"fill: #999;color:#999\" class=\"arrow-unsorted-368013\" xmlns=\"http:\/\/www.w3.org\/2000\/svg\" width=\"10px\" height=\"10px\" viewBox=\"0 0 24 24\" version=\"1.2\" baseProfile=\"tiny\"><path d=\"M18.2 9.3l-6.2-6.3-6.2 6.3c-.2.2-.3.4-.3.7s.1.5.3.7c.2.2.4.3.7.3h11c.3 0 .5-.1.7-.3.2-.2.3-.5.3-.7s-.1-.5-.3-.7zM5.8 14.7l6.2 6.3 6.2-6.3c.2-.2.3-.5.3-.7s-.1-.5-.3-.7c-.2-.2-.4-.3-.7-.3h-11c-.3 0-.5.1-.7.3-.2.2-.3.5-.3.7s.1.5.3.7z\"\/><\/svg><\/span><\/span><\/span><\/a><\/span><\/div>\n<nav><ul class='ez-toc-list ez-toc-list-level-1 ' ><li class='ez-toc-page-1 ez-toc-heading-level-2'><a class=\"ez-toc-link ez-toc-heading-1\" href=\"https:\/\/www.calzadospayma.com\/blog\/cunas-esparto-sin-atar\/#%C2%BFPor_que_elegir_cunas_de_esparto_sin_atar\" >\u00bfPor qu\u00e9 elegir cu\u00f1as de esparto sin atar?<\/a><\/li><li class='ez-toc-page-1 ez-toc-heading-level-2'><a class=\"ez-toc-link ez-toc-heading-2\" href=\"https:\/\/www.calzadospayma.com\/blog\/cunas-esparto-sin-atar\/#Consejos_para_lucir_cunas_de_esparto_sin_atar\" >Consejos para lucir cu\u00f1as de esparto sin atar<\/a><\/li><li class='ez-toc-page-1 ez-toc-heading-level-2'><a class=\"ez-toc-link ez-toc-heading-3\" href=\"https:\/\/www.calzadospayma.com\/blog\/cunas-esparto-sin-atar\/#Variedades_de_cunas_de_esparto_sin_atar\" >Variedades de cu\u00f1as de esparto sin atar<\/a><ul class='ez-toc-list-level-3' ><li class='ez-toc-heading-level-3'><a class=\"ez-toc-link ez-toc-heading-4\" href=\"https:\/\/www.calzadospayma.com\/blog\/cunas-esparto-sin-atar\/#Cunas_de_esparto_con_plataforma\" >Cu\u00f1as de esparto con plataforma:<\/a><\/li><li class='ez-toc-page-1 ez-toc-heading-level-3'><a class=\"ez-toc-link ez-toc-heading-5\" href=\"https:\/\/www.calzadospayma.com\/blog\/cunas-esparto-sin-atar\/#Cunas_de_esparto_con_detalle_de_lazada\" >Cu\u00f1as de esparto con detalle de lazada:<\/a><\/li><li class='ez-toc-page-1 ez-toc-heading-level-3'><a class=\"ez-toc-link ez-toc-heading-6\" href=\"https:\/\/www.calzadospayma.com\/blog\/cunas-esparto-sin-atar\/#Cunas_de_esparto_con_tiras_entrelazadas\" >Cu\u00f1as de esparto con tiras entrelazadas:<\/a><\/li><\/ul><\/li><li class='ez-toc-page-1 ez-toc-heading-level-2'><a class=\"ez-toc-link ez-toc-heading-7\" href=\"https:\/\/www.calzadospayma.com\/blog\/cunas-esparto-sin-atar\/#Como_combinar_cunas_de_esparto_sin_atar_con_tu_outfit\" >C\u00f3mo combinar cu\u00f1as de esparto sin atar con tu outfit<\/a><ul class='ez-toc-list-level-3' ><li class='ez-toc-heading-level-3'><a class=\"ez-toc-link ez-toc-heading-8\" href=\"https:\/\/www.calzadospayma.com\/blog\/cunas-esparto-sin-atar\/#Elegancia_casual_con_vestidos\" >Elegancia casual con vestidos<\/a><\/li><li class='ez-toc-page-1 ez-toc-heading-level-3'><a class=\"ez-toc-link ez-toc-heading-9\" href=\"https:\/\/www.calzadospayma.com\/blog\/cunas-esparto-sin-atar\/#Estilo_relajado_con_vaqueros\" >Estilo relajado con vaqueros<\/a><\/li><\/ul><\/li><\/ul><\/nav><\/div>\n\n<p>[ppgbo category=\u00bb99&#8243; counter=\u00bb6&#8243;]<\/p>\n<h2><span class=\"ez-toc-section\" id=\"%C2%BFPor_que_elegir_cunas_de_esparto_sin_atar\"><\/span>\u00bfPor qu\u00e9 elegir cu\u00f1as de esparto sin atar?<span class=\"ez-toc-section-end\"><\/span><\/h2>\n<p>Las cu\u00f1as de esparto son una elecci\u00f3n popular para la temporada de primavera-verano, y optar por el estilo \u00absin atar\u00bb ofrece una serie de beneficios. Estos zapatos son conocidos por su comodidad, estilo vers\u00e1til y capacidad para realzar cualquier look con un toque moderno y elegante.<\/p>\n<p>Al elegir cu\u00f1as de esparto sin atar, te aseguras de contar con un calzado f\u00e1cil de poner y quitar, lo que te ahorra tiempo en tus actividades diarias. Adem\u00e1s, su dise\u00f1o sin cordones brinda un ajuste c\u00f3modo y seguro, lo que es ideal para aquellas personas que buscan practicidad y estilo combinados.<\/p>\n<p>Estas cu\u00f1as son perfectas para diversas ocasiones, desde un d\u00eda casual en la playa hasta una salida nocturna. La versatilidad que ofrecen te permite lucirlas con diferentes atuendos, lo que las convierte en una excelente opci\u00f3n para complementar tu armario de verano.<\/p>\n<p>Si est\u00e1s buscando mejorar tu estilo con un toque veraniego, las cu\u00f1as de esparto sin atar son una excelente opci\u00f3n para destacar en cualquier ocasi\u00f3n. A continuaci\u00f3n, te brindar\u00e9 algunos consejos para lucir este tipo de calzado de forma elegante y c\u00f3moda.<\/p>\n<h2><span class=\"ez-toc-section\" id=\"Consejos_para_lucir_cunas_de_esparto_sin_atar\"><\/span>Consejos para lucir cu\u00f1as de esparto sin atar<span class=\"ez-toc-section-end\"><\/span><\/h2>\n<p>Las cu\u00f1as de esparto sin atar son un calzado vers\u00e1til que se adapta a diferentes estilos y situaciones. Para maximizar su impacto, considera combinarlas con prendas ligeras y frescas, como vestidos, faldas o pantalones de tela ligera. Este tipo de cu\u00f1as a\u00f1ade un toque de boho chic a cualquier conjunto, por lo que son ideales para un look casual y desenfadado.<\/p>\n<p>Otro aspecto a tener en cuenta es la altura de las cu\u00f1as. Si buscas un estilo m\u00e1s informal, opta por cu\u00f1as de altura media o baja que te brinden comodidad durante todo el d\u00eda. Por otro lado, si deseas un aspecto m\u00e1s sofisticado, las cu\u00f1as de mayor altura ser\u00e1n una excelente elecci\u00f3n para estilizar la figura y a\u00f1adir un toque de elegancia a tu atuendo.<\/p>\n<p>Adem\u00e1s, es importante prestar atenci\u00f3n al color y material de las cu\u00f1as. Los tonos neutros como el beige, el blanco o el taupe son opciones vers\u00e1tiles que se pueden combinar con una amplia variedad de colores y estampados. Adem\u00e1s, el esparto aporta un aire natural y fresco, perfecto para la temporada primavera-verano.<\/p>\n<p>[ppgbo category=\u00bb99&#8243; counter=\u00bb6&#8243;]<\/p>\n<h2><span class=\"ez-toc-section\" id=\"Variedades_de_cunas_de_esparto_sin_atar\"><\/span>Variedades de cu\u00f1as de esparto sin atar<span class=\"ez-toc-section-end\"><\/span><\/h2>\n<blockquote><p>\n  [aib_post_related url=&#8217;\/blog\/alpargatas-bajas-atadas\/&#8217; title=&#8217;Descubre los mejores estilos de alpargatas bajas atadas esta temporada&#8217; relatedtext=&#8217;Quiz\u00e1s tambi\u00e9n te interese:&#8217;]<\/p>\n<p>Las cu\u00f1as de esparto sin atar son una alternativa c\u00f3moda y estilosa para disfrutar del verano. La facilidad de poder calzarlas sin necesidad de atarlas las hace muy pr\u00e1cticas para el d\u00eda a d\u00eda. A continuaci\u00f3n, te presentamos algunas de las variedades m\u00e1s populares de este tipo de calzado, para que puedas elegir la que mejor se adapte a tus necesidades.<\/p>\n<\/blockquote>\n<h3><span class=\"ez-toc-section\" id=\"Cunas_de_esparto_con_plataforma\"><\/span>Cu\u00f1as de esparto con plataforma:<span class=\"ez-toc-section-end\"><\/span><\/h3>\n<p>Estas cu\u00f1as cuentan con una plataforma de esparto que recorre toda la suela, proporcionando una elevaci\u00f3n uniforme. Son ideales para aquellas personas que buscan una mayor estabilidad al caminar, ya que distribuyen el peso de forma m\u00e1s equilibrada.<\/p>\n<h3><span class=\"ez-toc-section\" id=\"Cunas_de_esparto_con_detalle_de_lazada\"><\/span>Cu\u00f1as de esparto con detalle de lazada:<span class=\"ez-toc-section-end\"><\/span><\/h3>\n<p>Si buscas un toque m\u00e1s femenino, las cu\u00f1as de esparto con detalle de lazada en el empeine pueden ser la opci\u00f3n perfecta para ti. Este peque\u00f1o detalle agrega un toque delicado a tus looks veraniegos. Adem\u00e1s, al no necesitar atarse, ofrecen comodidad al instante.<\/p>\n<p>[aib_post_related url=&#8217;\/blog\/alpargatas-tacon\/&#8217; title=&#8217;Descubre las \u00faltimas tendencias en alpargatas con tac\u00f3n&#8217; relatedtext=&#8217;Quiz\u00e1s tambi\u00e9n te interese:&#8217;]<\/p>\n<h3><span class=\"ez-toc-section\" id=\"Cunas_de_esparto_con_tiras_entrelazadas\"><\/span>Cu\u00f1as de esparto con tiras entrelazadas:<span class=\"ez-toc-section-end\"><\/span><\/h3>\n<p>Las cu\u00f1as con tiras entrelazadas son una opci\u00f3n vers\u00e1til que puede adaptarse a diferentes estilos. La combinaci\u00f3n de esparto con las tiras entrelazadas proporciona un aspecto fresco y natural, perfecto para lucir durante los d\u00edas c\u00e1lidos.<\/p>\n<p>Desde las cu\u00f1as de esparto con plataforma hasta las opciones m\u00e1s decoradas, la variedad de estilos disponibles permite encontrar la cu\u00f1a de esparto sin atar perfecta para cada ocasi\u00f3n y gustos personales.<\/p>\n<p>Las cu\u00f1as de esparto sin atar son un calzado vers\u00e1til que aporta comodidad y estilo a cualquier outfit. En este art\u00edculo, descubrir\u00e1s diversas opciones para lucir estas cu\u00f1as con diferentes prendas y accesorios, destacando su versatilidad y elegancia.<\/p>\n<p>[ppgbo category=\u00bb99&#8243; counter=\u00bb6&#8243;]<\/p>\n<h2><span class=\"ez-toc-section\" id=\"Como_combinar_cunas_de_esparto_sin_atar_con_tu_outfit\"><\/span>C\u00f3mo combinar cu\u00f1as de esparto sin atar con tu outfit<span class=\"ez-toc-section-end\"><\/span><\/h2>\n<p>Las cu\u00f1as de esparto sin atar ofrecen un toque casual y elegante a tus looks diarios. Puedes crear conjuntos frescos y veraniegos con estos zapatos, ya que combinan a la perfecci\u00f3n con una amplia gama de prendas. Desde vestidos ligeros hasta vaqueros, las cu\u00f1as de esparto sin atar aportan un estilo atemporal y sofisticado. <\/p>\n<h3><span class=\"ez-toc-section\" id=\"Elegancia_casual_con_vestidos\"><\/span>Elegancia casual con vestidos<span class=\"ez-toc-section-end\"><\/span><\/h3>\n<p>Los vestidos vaporosos son una opci\u00f3n ideal para combinar con cu\u00f1as de esparto sin atar. Opta por tonos neutros o estampados florales para un look fresco y femenino. Estas cu\u00f1as a\u00f1aden altura y estilizan la figura, siendo una elecci\u00f3n perfecta para cualquier ocasi\u00f3n informal, desde paseos por la ciudad hasta reuniones con amigos.<\/p>\n<h3><span class=\"ez-toc-section\" id=\"Estilo_relajado_con_vaqueros\"><\/span>Estilo relajado con vaqueros<span class=\"ez-toc-section-end\"><\/span><\/h3>\n<p>[aib_post_related url=&#8217;\/blog\/cunas-amarillas-mujer\/&#8217; title=&#8217;Descubre las tendencias en cu\u00f1as amarillas para mujer this season&#8217; relatedtext=&#8217;Quiz\u00e1s tambi\u00e9n te interese:&#8217;]<\/p>\n<p>Los vaqueros de corte recto o acampanados son una excelente elecci\u00f3n para crear un estilo casual y desenfadado con cu\u00f1as de esparto sin atar. Comb\u00ednalos con una blusa ligera o una camiseta b\u00e1sica para un look c\u00f3modo y moderno. Esta combinaci\u00f3n es perfecta para disfrutar de un d\u00eda casual y relajado con un toque de elegancia.<\/p>\n<p>Estas son solo algunas ideas para combinar las cu\u00f1as de esparto sin atar con tu outfit, pero las posibilidades son infinitas. Experimenta con diferentes colores, texturas y estilos para encontrar la combinaci\u00f3n perfecta que refleje tu personalidad y gusto. \u00a1Atr\u00e9vete a explorar nuevas formas de lucir este vers\u00e1til calzado y disfruta de un look \u00fanico y lleno de estilo!<\/p>\n","protected":false},"excerpt":{"rendered":"<p>\u00bfAlguna vez te has preguntado por qu\u00e9 deber\u00edas considerar las cu\u00f1as de esparto sin atar como una opci\u00f3n para tu calzado de verano? [ppgbo category=\u00bb99&#8243; counter=\u00bb6&#8243;] \u00bfPor qu\u00e9 elegir cu\u00f1as de esparto sin atar? Las cu\u00f1as de esparto son una elecci\u00f3n popular para la temporada de primavera-verano, y optar por el estilo \u00absin atar\u00bb ofrece&hellip;<\/p>\n","protected":false},"author":4,"featured_media":0,"comment_status":"","ping_status":"open","sticky":false,"template":"","format":"standard","meta":{"footnotes":""},"categories":[449],"tags":[],"_links":{"self":[{"href":"https:\/\/www.calzadospayma.com\/blog\/wp-json\/wp\/v2\/posts\/2487"}],"collection":[{"href":"https:\/\/www.calzadospayma.com\/blog\/wp-json\/wp\/v2\/posts"}],"about":[{"href":"https:\/\/www.calzadospayma.com\/blog\/wp-json\/wp\/v2\/types\/post"}],"author":[{"embeddable":true,"href":"https:\/\/www.calzadospayma.com\/blog\/wp-json\/wp\/v2\/users\/4"}],"replies":[{"embeddable":true,"href":"https:\/\/www.calzadospayma.com\/blog\/wp-json\/wp\/v2\/comments?post=2487"}],"version-history":[{"count":0,"href":"https:\/\/www.calzadospayma.com\/blog\/wp-json\/wp\/v2\/posts\/2487\/revisions"}],"wp:attachment":[{"href":"https:\/\/www.calzadospayma.com\/blog\/wp-json\/wp\/v2\/media?parent=2487"}],"wp:term":[{"taxonomy":"category","embeddable":true,"href":"https:\/\/www.calzadospayma.com\/blog\/wp-json\/wp\/v2\/categories?post=2487"},{"taxonomy":"post_tag","embeddable":true,"href":"https:\/\/www.calzadospayma.com\/blog\/wp-json\/wp\/v2\/tags?post=2487"}],"curies":[{"name":"wp","href":"https:\/\/api.w.org\/{rel}","templated":true}]}}