{"id":2538,"date":"2024-03-24T02:19:07","date_gmt":"2024-03-24T01:19:07","guid":{"rendered":"https:\/\/www.calzadospayma.com\/blog\/cunas-negras-plataforma\/"},"modified":"2024-03-24T02:19:07","modified_gmt":"2024-03-24T01:19:07","slug":"cunas-negras-plataforma","status":"publish","type":"post","link":"https:\/\/www.calzadospayma.com\/blog\/cunas-negras-plataforma\/","title":{"rendered":"Descubre las mejores cu\u00f1as negras de plataforma para lucir a la moda"},"content":{"rendered":"<p>[ppgbo category=\u00bb99&#8243; counter=\u00bb6&#8243;]<\/p><div id=\"ez-toc-container\" class=\"ez-toc-v2_0_82_2 counter-hierarchy ez-toc-counter ez-toc-grey ez-toc-container-direction\">\n<div class=\"ez-toc-title-container\">\n<p class=\"ez-toc-title\" style=\"cursor:inherit\">\u00bfQu\u00e9 vas a encontrar aqu\u00ed?<\/p>\n<span class=\"ez-toc-title-toggle\"><a href=\"#\" class=\"ez-toc-pull-right ez-toc-btn ez-toc-btn-xs ez-toc-btn-default ez-toc-toggle\" aria-label=\"Alternar tabla de contenidos\"><span class=\"ez-toc-js-icon-con\"><span class=\"\"><span class=\"eztoc-hide\" style=\"display:none;\">Toggle<\/span><span class=\"ez-toc-icon-toggle-span\"><svg style=\"fill: #999;color:#999\" xmlns=\"http:\/\/www.w3.org\/2000\/svg\" class=\"list-377408\" width=\"20px\" height=\"20px\" viewBox=\"0 0 24 24\" fill=\"none\"><path d=\"M6 6H4v2h2V6zm14 0H8v2h12V6zM4 11h2v2H4v-2zm16 0H8v2h12v-2zM4 16h2v2H4v-2zm16 0H8v2h12v-2z\" fill=\"currentColor\"><\/path><\/svg><svg style=\"fill: #999;color:#999\" class=\"arrow-unsorted-368013\" xmlns=\"http:\/\/www.w3.org\/2000\/svg\" width=\"10px\" height=\"10px\" viewBox=\"0 0 24 24\" version=\"1.2\" baseProfile=\"tiny\"><path d=\"M18.2 9.3l-6.2-6.3-6.2 6.3c-.2.2-.3.4-.3.7s.1.5.3.7c.2.2.4.3.7.3h11c.3 0 .5-.1.7-.3.2-.2.3-.5.3-.7s-.1-.5-.3-.7zM5.8 14.7l6.2 6.3 6.2-6.3c.2-.2.3-.5.3-.7s-.1-.5-.3-.7c-.2-.2-.4-.3-.7-.3h-11c-.3 0-.5.1-.7.3-.2.2-.3.5-.3.7s.1.5.3.7z\"\/><\/svg><\/span><\/span><\/span><\/a><\/span><\/div>\n<nav><ul class='ez-toc-list ez-toc-list-level-1 ' ><li class='ez-toc-page-1 ez-toc-heading-level-2'><a class=\"ez-toc-link ez-toc-heading-1\" href=\"https:\/\/www.calzadospayma.com\/blog\/cunas-negras-plataforma\/#Descubre_las_ultimas_tendencias_en_calzado_cunas_negras_de_plataforma\" >Descubre las \u00faltimas tendencias en calzado: cu\u00f1as negras de plataforma<\/a><\/li><li class='ez-toc-page-1 ez-toc-heading-level-2'><a class=\"ez-toc-link ez-toc-heading-2\" href=\"https:\/\/www.calzadospayma.com\/blog\/cunas-negras-plataforma\/#Caracteristicas_de_las_cunas_negras_de_plataforma\" >Caracter\u00edsticas de las cu\u00f1as negras de plataforma<\/a><ul class='ez-toc-list-level-3' ><li class='ez-toc-heading-level-3'><a class=\"ez-toc-link ez-toc-heading-3\" href=\"https:\/\/www.calzadospayma.com\/blog\/cunas-negras-plataforma\/#Estilo_y_Usos\" >Estilo y Usos<\/a><\/li><li class='ez-toc-page-1 ez-toc-heading-level-3'><a class=\"ez-toc-link ez-toc-heading-4\" href=\"https:\/\/www.calzadospayma.com\/blog\/cunas-negras-plataforma\/#%C2%BFDonde_encontrarlas\" >\u00bfD\u00f3nde encontrarlas?<\/a><\/li><\/ul><\/li><li class='ez-toc-page-1 ez-toc-heading-level-2'><a class=\"ez-toc-link ez-toc-heading-5\" href=\"https:\/\/www.calzadospayma.com\/blog\/cunas-negras-plataforma\/#Consejos_para_lucir_a_la_moda_con_cunas_negras_de_plataforma\" >Consejos para lucir a la moda con cu\u00f1as negras de plataforma<\/a><ul class='ez-toc-list-level-3' ><li class='ez-toc-heading-level-3'><a class=\"ez-toc-link ez-toc-heading-6\" href=\"https:\/\/www.calzadospayma.com\/blog\/cunas-negras-plataforma\/#Combinalas_con_prendas_adecuadas\" >Comb\u00ednalas con prendas adecuadas<\/a><\/li><li class='ez-toc-page-1 ez-toc-heading-level-3'><a class=\"ez-toc-link ez-toc-heading-7\" href=\"https:\/\/www.calzadospayma.com\/blog\/cunas-negras-plataforma\/#Considera_la_comodidad\" >Considera la comodidad<\/a><\/li><li class='ez-toc-page-1 ez-toc-heading-level-3'><a class=\"ez-toc-link ez-toc-heading-8\" href=\"https:\/\/www.calzadospayma.com\/blog\/cunas-negras-plataforma\/#Accesorios_que_complementen\" >Accesorios que complementen<\/a><\/li><\/ul><\/li><li class='ez-toc-page-1 ez-toc-heading-level-2'><a class=\"ez-toc-link ez-toc-heading-9\" href=\"https:\/\/www.calzadospayma.com\/blog\/cunas-negras-plataforma\/#%C2%BFPor_que_las_cunas_negras_de_plataforma_son_el_calzado_imprescindible_esta_temporada\" >\u00bfPor qu\u00e9 las cu\u00f1as negras de plataforma son el calzado imprescindible esta temporada?<\/a><\/li><li class='ez-toc-page-1 ez-toc-heading-level-2'><a class=\"ez-toc-link ez-toc-heading-10\" href=\"https:\/\/www.calzadospayma.com\/blog\/cunas-negras-plataforma\/#Como_elegir_las_cunas_negras_de_plataforma_perfectas_para_tu_estilo\" >C\u00f3mo elegir las cu\u00f1as negras de plataforma perfectas para tu estilo<\/a><ul class='ez-toc-list-level-3' ><li class='ez-toc-heading-level-3'><a class=\"ez-toc-link ez-toc-heading-11\" href=\"https:\/\/www.calzadospayma.com\/blog\/cunas-negras-plataforma\/#Factores_a_considerar_al_elegir_cunas_negras_de_plataforma\" >Factores a considerar al elegir cu\u00f1as negras de plataforma<\/a><\/li><\/ul><\/li><li class='ez-toc-page-1 ez-toc-heading-level-2'><a class=\"ez-toc-link ez-toc-heading-12\" href=\"https:\/\/www.calzadospayma.com\/blog\/cunas-negras-plataforma\/#Combina_tus_looks_con_estilo_usando_cunas_negras_de_plataforma\" >Combina tus looks con estilo usando cu\u00f1as negras de plataforma<\/a><\/li><\/ul><\/nav><\/div>\n\n<h2><span class=\"ez-toc-section\" id=\"Descubre_las_ultimas_tendencias_en_calzado_cunas_negras_de_plataforma\"><\/span>Descubre las \u00faltimas tendencias en calzado: cu\u00f1as negras de plataforma<span class=\"ez-toc-section-end\"><\/span><\/h2>\n<p>\u00bfEst\u00e1s buscando el toque perfecto para tu outfit? Las cu\u00f1as negras de plataforma son una elecci\u00f3n elegante y vers\u00e1til que puede realzar cualquier estilo. En este art\u00edculo, descubrir\u00e1s todo lo que necesitas saber sobre las \u00faltimas tendencias en este tipo de calzado.<\/p>\n<h2><span class=\"ez-toc-section\" id=\"Caracteristicas_de_las_cunas_negras_de_plataforma\"><\/span>Caracter\u00edsticas de las cu\u00f1as negras de plataforma<span class=\"ez-toc-section-end\"><\/span><\/h2>\n<p>Las cu\u00f1as negras de plataforma son un calzado que combina estilo y comodidad. Su dise\u00f1o elegante y suelas elevadas a\u00f1aden altura sin comprometer la estabilidad, convirti\u00e9ndolas en una opci\u00f3n popular para diversas ocasiones, ya sea para un look casual o m\u00e1s formal.<\/p>\n<p>Estas cu\u00f1as suelen estar confeccionadas con materiales de alta calidad que garantizan durabilidad y confort. Adem\u00e1s, su color negro las hace vers\u00e1tiles, combinando f\u00e1cilmente con diferentes prendas y colores, lo que las convierte en un accesorio imprescindible en cualquier armario.<\/p>\n<h3><span class=\"ez-toc-section\" id=\"Estilo_y_Usos\"><\/span>Estilo y Usos<span class=\"ez-toc-section-end\"><\/span><\/h3>\n<p>El dise\u00f1o de plataforma agrega un toque moderno a las cu\u00f1as, brindando una apariencia sofisticada y alargando visualmente las piernas. Son ideales para complementar vestidos, faldas, pantalones e incluso vaqueros, ofreciendo un equilibrio perfecto entre estilo y confort.<\/p>\n<p>Ya sea para una salida informal con amigos o una ocasi\u00f3n m\u00e1s formal, las cu\u00f1as negras de plataforma son una opci\u00f3n elegante que se adapta a una variedad de estilos y preferencias personales. Su versatilidad las convierte en un b\u00e1sico imprescindible para cualquier aficionado a la moda.<\/p>\n<h3><span class=\"ez-toc-section\" id=\"%C2%BFDonde_encontrarlas\"><\/span>\u00bfD\u00f3nde encontrarlas?<span class=\"ez-toc-section-end\"><\/span><\/h3>\n<p>Las cu\u00f1as negras de plataforma est\u00e1n disponibles en una amplia gama de tiendas, tanto en l\u00ednea como en tiendas f\u00edsicas. Si est\u00e1s interesado en adquirir un par de calidad y con estilo, te recomendamos visitar la tienda en l\u00ednea de Calzados Payma, donde encontrar\u00e1s una selecci\u00f3n exclusiva de calzado de alta calidad. Tambi\u00e9n puedes consultar su listado de tiendas f\u00edsicas para encontrar un establecimiento cercano.<\/p>\n<h2><span class=\"ez-toc-section\" id=\"Consejos_para_lucir_a_la_moda_con_cunas_negras_de_plataforma\"><\/span>Consejos para lucir a la moda con cu\u00f1as negras de plataforma<span class=\"ez-toc-section-end\"><\/span><\/h2>\n<p>Para lucir a la moda con cu\u00f1as negras de plataforma, es importante considerar diversos aspectos que realzar\u00e1n tu estilo y comodidad. Las cu\u00f1as negras de plataforma son un calzado vers\u00e1til y elegante que puede complementar tanto un look casual como uno m\u00e1s refinado. A continuaci\u00f3n, te presento algunos consejos para sacar el m\u00e1ximo partido a este tipo de calzado.<\/p>\n<h3><span class=\"ez-toc-section\" id=\"Combinalas_con_prendas_adecuadas\"><\/span>Comb\u00ednalas con prendas adecuadas<span class=\"ez-toc-section-end\"><\/span><\/h3>\n<p>Para conseguir un look equilibrado, es fundamental seleccionar las prendas adecuadas que complementen las cu\u00f1as negras de plataforma. Por ejemplo, puedes optar por vestidos o faldas en colores que contrasten con el negro de las cu\u00f1as para lograr un efecto llamativo y sofisticado. Asimismo, unos jeans ajustados o pantalones de tela tambi\u00e9n pueden realzar el estilo de las cu\u00f1as, creando un look m\u00e1s casual pero igualmente atractivo.<\/p>\n<h3><span class=\"ez-toc-section\" id=\"Considera_la_comodidad\"><\/span>Considera la comodidad<span class=\"ez-toc-section-end\"><\/span><\/h3>\n<p>Aunque las cu\u00f1as negras de plataforma pueden elevar tu altura y estilizar tu figura, es esencial priorizar la comodidad al elegir este tipo de calzado. Aseg\u00farate de que la altura del tac\u00f3n sea la adecuada para ti y que la plataforma brinde estabilidad al caminar. Adem\u00e1s, presta atenci\u00f3n a la calidad del material y la amortiguaci\u00f3n interior para garantizar una experiencia c\u00f3moda al usar las cu\u00f1as durante largos periodos.<\/p>\n<h3><span class=\"ez-toc-section\" id=\"Accesorios_que_complementen\"><\/span>Accesorios que complementen<span class=\"ez-toc-section-end\"><\/span><\/h3>\n<p>Los accesorios pueden marcar la diferencia al lucir cu\u00f1as negras de plataforma. Considera la posibilidad de agregar elementos que complementen el calzado, como un bolso de mano elegante, joyer\u00eda sutil o gafas de sol que resalten tu estilo personal. La elecci\u00f3n de los accesorios puede a\u00f1adir un toque distintivo a tu conjunto y destacar las cu\u00f1as como elemento central de tu look.<\/p>\n<p>Recuerda que la versatilidad de las cu\u00f1as negras de plataforma te brinda la oportunidad de experimentar con diferentes estilos y combinaciones, adapt\u00e1ndolas a distintas ocasiones y preferencias personales. Al seguir estos consejos y prestar atenci\u00f3n a los detalles, podr\u00e1s lucir a la moda con confianza al llevar este ic\u00f3nico calzado.<\/p>\n<p>Las cu\u00f1as negras de plataforma han tomado por asalto los escaparates y las pasarelas, \u00a1y no es dif\u00edcil entender por qu\u00e9! Este calzado vers\u00e1til y elegante ha ganado un lugar destacado en la moda de esta temporada. \u00bfQu\u00e9 hace que las cu\u00f1as negras de plataforma sean tan irresistibles? Te lo contamos a continuaci\u00f3n.<\/p>\n<p>    [ppgbo category=\u00bb99&#8243; counter=\u00bb6&#8243;]<\/p>\n<h2><span class=\"ez-toc-section\" id=\"%C2%BFPor_que_las_cunas_negras_de_plataforma_son_el_calzado_imprescindible_esta_temporada\"><\/span>\u00bfPor qu\u00e9 las cu\u00f1as negras de plataforma son el calzado imprescindible esta temporada?<span class=\"ez-toc-section-end\"><\/span><\/h2>\n<p>Las cu\u00f1as negras de plataforma son la combinaci\u00f3n perfecta de estilo y comodidad. Su dise\u00f1o moderno y atemporal las convierte en un calzado vers\u00e1til que se adapta a una amplia variedad de looks, desde informales hasta m\u00e1s formales. La plataforma ofrece altura sin sacrificar la estabilidad, lo que las hace ideales para un uso prolongado sin renunciar al confort.<\/p>\n<p><b>Cu\u00f1as negras plataforma<\/b> ofrece un toque de elegancia a cualquier conjunto, ya sea con vestidos, faldas, pantalones o incluso vaqueros. Su versatilidad las convierte en una opci\u00f3n imprescindible en el armario de cualquier amante de la moda. Adem\u00e1s, su color negro las hace f\u00e1cilmente combinables, a\u00f1adiendo un toque de sofisticaci\u00f3n a cualquier look.<\/p>\n<p>La demanda de <b>cu\u00f1as negras plataforma<\/b> ha ido en aumento debido a su capacidad para complementar tanto outfits casuales como m\u00e1s formales. Ya sea para un d\u00eda de compras, una comida con amigos o una cita rom\u00e1ntica, estas cu\u00f1as pueden adaptarse a diferentes ocasiones sin perder su encanto. Esta versatilidad las convierte en un must-have esta temporada.<\/p>\n<article>\n<p>\n        \u00bfQuieres elevar tu estilo con unas cu\u00f1as negras de plataforma? En este post, te guiaremos a trav\u00e9s de los pasos para encontrar las cu\u00f1as perfectas que se adapten a tu look y te hagan sentir incre\u00edble. Las cu\u00f1as de plataforma negras son un must en cualquier armario, y con la ayuda adecuada, podr\u00e1s escoger las ideales para ti.\n      <\/p>\n<h2><span class=\"ez-toc-section\" id=\"Como_elegir_las_cunas_negras_de_plataforma_perfectas_para_tu_estilo\"><\/span>C\u00f3mo elegir las cu\u00f1as negras de plataforma perfectas para tu estilo<span class=\"ez-toc-section-end\"><\/span><\/h2>\n<p>\n        Al buscar cu\u00f1as negras de plataforma, es esencial considerar diversos aspectos para garantizar que se ajusten a tu estilo personal. Comencemos por definir el tipo de tac\u00f3n que te resulte c\u00f3modo y conveniente para tu d\u00eda a d\u00eda. Las cu\u00f1as de plataforma ofrecen altura y comodidad, pero es crucial encontrar el equilibrio perfecto para evitar molestias innecesarias.\n      <\/p>\n<h3><span class=\"ez-toc-section\" id=\"Factores_a_considerar_al_elegir_cunas_negras_de_plataforma\"><\/span>Factores a considerar al elegir cu\u00f1as negras de plataforma<span class=\"ez-toc-section-end\"><\/span><\/h3>\n<ul>\n<li><b>Altura del tac\u00f3n:<\/b> Elige una altura que te brinde confianza y comodidad en tu d\u00eda a d\u00eda.<\/li>\n<li><b>Material:<\/b> Considera si prefieres cuero, sint\u00e9tico u otros materiales que se adapten a tu estilo de vida.<\/li>\n<li><b>Estilo:<\/b> \u00bfBuscas un dise\u00f1o cl\u00e1sico o algo m\u00e1s llamativo? Aseg\u00farate de que refleje tu personalidad.<\/li>\n<li><b>Combinaci\u00f3n con outfits:<\/b> Piensa en c\u00f3mo las cu\u00f1as se integrar\u00e1n con tus atuendos habituales.<\/li>\n<\/ul>\n<p>\n        En resumen, al elegir tus cu\u00f1as negras de plataforma, aseg\u00farate de considerar la altura del tac\u00f3n, el material, el estilo y su versatilidad con tus conjuntos diarios. Este proceso te garantizar\u00e1 encontrar las cu\u00f1as perfectas que realcen tu estilo personal y te hagan sentir segura en cada paso.\n      <\/p>\n<p>      [aib_post_related url=&#8217;\/blog\/cunas-color-beige\/&#8217; title=&#8217;Descubre las cu\u00f1as color beige que son tendencia esta temporada&#8217; relatedtext=&#8217;Quiz\u00e1s tambi\u00e9n te interese:&#8217;]<\/p>\n<p>\n        Recuerda que las cu\u00f1as negras de plataforma son un elemento vers\u00e1til en la moda, y con la combinaci\u00f3n adecuada, pueden adaptarse a diversos escenarios y outfits. \u00a1No dudes en explorar diferentes opciones para dar con las cu\u00f1as ideales que complementen tu estilo \u00fanico!\n      <\/p>\n<\/article>\n<p>[ppgbo category=\u00bb99&#8243; counter=\u00bb6&#8243;]<\/p>\n<h2><span class=\"ez-toc-section\" id=\"Combina_tus_looks_con_estilo_usando_cunas_negras_de_plataforma\"><\/span>Combina tus looks con estilo usando cu\u00f1as negras de plataforma<span class=\"ez-toc-section-end\"><\/span><\/h2>\n<p>La versatilidad es una caracter\u00edstica clave al momento de elegir el calzado perfecto para combinar con distintos looks. Las cu\u00f1as negras de plataforma, adem\u00e1s de brindar comodidad, pueden aportar un toque de estilo a cualquier atuendo. No subestimes el impacto que un par de cu\u00f1as negras bien seleccionadas puede tener en tus conjuntos diarios.<\/p>\n<p>Al considerar la combinaci\u00f3n de tus looks con cu\u00f1as negras de plataforma, es importante tener en cuenta aspectos como el color, la altura del tac\u00f3n y los materiales de fabricaci\u00f3n. Las cu\u00f1as negras son especialmente vers\u00e1tiles, ya que pueden complementar f\u00e1cilmente tanto outfits casuales como formales. Al ser de plataforma, proporcionan ese extra de altura sin sacrificar la comodidad, lo que las convierte en una elecci\u00f3n popular entre muchas personas.<\/p>\n<p>Una sugerencia para crear un look casual y elegante a la vez es combinar unas cu\u00f1as negras de plataforma con unos jeans ajustados y una blusa ligera. Este conjunto te brindar\u00e1 un aire moderno y sofisticado sin sacrificar la comodidad. Para eventos m\u00e1s formales, las cu\u00f1as negras pueden ser el complemento perfecto para un vestido o una falda elegante, aportando un toque de glamour a tu outfit.<\/p>\n<p>No subestimes el poder de los accesorios al combinar tus cu\u00f1as negras de plataforma. Un bolso o una bufanda en tonos similares pueden ayudar a unificar el conjunto, mientras que unos pendientes llamativos pueden aportar un toque de originalidad. Al ser un calzado tan vers\u00e1til, las posibilidades de combinaci\u00f3n son pr\u00e1cticamente infinitas.<\/p>\n<p>En resumen, las cu\u00f1as negras de plataforma son una elecci\u00f3n elegante y pr\u00e1ctica para integrar a tus conjuntos diarios. Al combinarlas con los atuendos adecuados y prestando atenci\u00f3n a los detalles, podr\u00e1s crear looks \u00fanicos y estilosos que reflejen tu personalidad. No subestimes el impacto que un par de cu\u00f1as bien seleccionadas puede tener en tu estilo personal.<\/p>\n","protected":false},"excerpt":{"rendered":"<p>[ppgbo category=\u00bb99&#8243; counter=\u00bb6&#8243;] Descubre las \u00faltimas tendencias en calzado: cu\u00f1as negras de plataforma \u00bfEst\u00e1s buscando el toque perfecto para tu outfit? Las cu\u00f1as negras de plataforma son una elecci\u00f3n elegante y vers\u00e1til que puede realzar cualquier estilo. En este art\u00edculo, descubrir\u00e1s todo lo que necesitas saber sobre las \u00faltimas tendencias en este tipo de calzado.&hellip;<\/p>\n","protected":false},"author":4,"featured_media":0,"comment_status":"","ping_status":"open","sticky":false,"template":"","format":"standard","meta":{"footnotes":""},"categories":[449],"tags":[],"_links":{"self":[{"href":"https:\/\/www.calzadospayma.com\/blog\/wp-json\/wp\/v2\/posts\/2538"}],"collection":[{"href":"https:\/\/www.calzadospayma.com\/blog\/wp-json\/wp\/v2\/posts"}],"about":[{"href":"https:\/\/www.calzadospayma.com\/blog\/wp-json\/wp\/v2\/types\/post"}],"author":[{"embeddable":true,"href":"https:\/\/www.calzadospayma.com\/blog\/wp-json\/wp\/v2\/users\/4"}],"replies":[{"embeddable":true,"href":"https:\/\/www.calzadospayma.com\/blog\/wp-json\/wp\/v2\/comments?post=2538"}],"version-history":[{"count":0,"href":"https:\/\/www.calzadospayma.com\/blog\/wp-json\/wp\/v2\/posts\/2538\/revisions"}],"wp:attachment":[{"href":"https:\/\/www.calzadospayma.com\/blog\/wp-json\/wp\/v2\/media?parent=2538"}],"wp:term":[{"taxonomy":"category","embeddable":true,"href":"https:\/\/www.calzadospayma.com\/blog\/wp-json\/wp\/v2\/categories?post=2538"},{"taxonomy":"post_tag","embeddable":true,"href":"https:\/\/www.calzadospayma.com\/blog\/wp-json\/wp\/v2\/tags?post=2538"}],"curies":[{"name":"wp","href":"https:\/\/api.w.org\/{rel}","templated":true}]}}