{"id":2567,"date":"2024-03-24T07:30:30","date_gmt":"2024-03-24T06:30:30","guid":{"rendered":"https:\/\/www.calzadospayma.com\/blog\/cunas-rafia\/"},"modified":"2024-03-24T07:30:30","modified_gmt":"2024-03-24T06:30:30","slug":"cunas-rafia","status":"publish","type":"post","link":"https:\/\/www.calzadospayma.com\/blog\/cunas-rafia\/","title":{"rendered":"Descubre las \u00faltimas tendencias en cu\u00f1as de rafia para el verano"},"content":{"rendered":"<p>[ppgbo category=\u00bb99&#8243; counter=\u00bb6&#8243;]<\/p><div id=\"ez-toc-container\" class=\"ez-toc-v2_0_82_2 counter-hierarchy ez-toc-counter ez-toc-grey ez-toc-container-direction\">\n<div class=\"ez-toc-title-container\">\n<p class=\"ez-toc-title\" style=\"cursor:inherit\">\u00bfQu\u00e9 vas a encontrar aqu\u00ed?<\/p>\n<span class=\"ez-toc-title-toggle\"><a href=\"#\" class=\"ez-toc-pull-right ez-toc-btn ez-toc-btn-xs ez-toc-btn-default ez-toc-toggle\" aria-label=\"Alternar tabla de contenidos\"><span class=\"ez-toc-js-icon-con\"><span class=\"\"><span class=\"eztoc-hide\" style=\"display:none;\">Toggle<\/span><span class=\"ez-toc-icon-toggle-span\"><svg style=\"fill: #999;color:#999\" xmlns=\"http:\/\/www.w3.org\/2000\/svg\" class=\"list-377408\" width=\"20px\" height=\"20px\" viewBox=\"0 0 24 24\" fill=\"none\"><path d=\"M6 6H4v2h2V6zm14 0H8v2h12V6zM4 11h2v2H4v-2zm16 0H8v2h12v-2zM4 16h2v2H4v-2zm16 0H8v2h12v-2z\" fill=\"currentColor\"><\/path><\/svg><svg style=\"fill: #999;color:#999\" class=\"arrow-unsorted-368013\" xmlns=\"http:\/\/www.w3.org\/2000\/svg\" width=\"10px\" height=\"10px\" viewBox=\"0 0 24 24\" version=\"1.2\" baseProfile=\"tiny\"><path d=\"M18.2 9.3l-6.2-6.3-6.2 6.3c-.2.2-.3.4-.3.7s.1.5.3.7c.2.2.4.3.7.3h11c.3 0 .5-.1.7-.3.2-.2.3-.5.3-.7s-.1-.5-.3-.7zM5.8 14.7l6.2 6.3 6.2-6.3c.2-.2.3-.5.3-.7s-.1-.5-.3-.7c-.2-.2-.4-.3-.7-.3h-11c-.3 0-.5.1-.7.3-.2.2-.3.5-.3.7s.1.5.3.7z\"\/><\/svg><\/span><\/span><\/span><\/a><\/span><\/div>\n<nav><ul class='ez-toc-list ez-toc-list-level-1 ' ><li class='ez-toc-page-1 ez-toc-heading-level-2'><a class=\"ez-toc-link ez-toc-heading-1\" href=\"https:\/\/www.calzadospayma.com\/blog\/cunas-rafia\/#Las_ultimas_tendencias_en_cunas_de_rafia_para_esta_temporada\" >Las \u00faltimas tendencias en cu\u00f1as de rafia para esta temporada<\/a><\/li><li class='ez-toc-page-1 ez-toc-heading-level-2'><a class=\"ez-toc-link ez-toc-heading-2\" href=\"https:\/\/www.calzadospayma.com\/blog\/cunas-rafia\/#Descubre_como_lucir_a_la_moda_con_las_cunas_de_rafia_mas_trendy\" >Descubre c\u00f3mo lucir a la moda con las cu\u00f1as de rafia m\u00e1s trendy<\/a><\/li><li class='ez-toc-page-1 ez-toc-heading-level-2'><a class=\"ez-toc-link ez-toc-heading-3\" href=\"https:\/\/www.calzadospayma.com\/blog\/cunas-rafia\/#Consejos_para_elegir_las_cunas_de_rafia_perfectas_segun_tu_estilo\" >Consejos para elegir las cu\u00f1as de rafia perfectas seg\u00fan tu estilo<\/a><ul class='ez-toc-list-level-3' ><li class='ez-toc-heading-level-3'><a class=\"ez-toc-link ez-toc-heading-4\" href=\"https:\/\/www.calzadospayma.com\/blog\/cunas-rafia\/#Considera_la_altura_del_tacon\" >Considera la altura del tac\u00f3n<\/a><\/li><li class='ez-toc-page-1 ez-toc-heading-level-3'><a class=\"ez-toc-link ez-toc-heading-5\" href=\"https:\/\/www.calzadospayma.com\/blog\/cunas-rafia\/#Elige_un_diseno_que_se_ajuste_a_tu_estilo_personal\" >Elige un dise\u00f1o que se ajuste a tu estilo personal<\/a><\/li><li class='ez-toc-page-1 ez-toc-heading-level-3'><a class=\"ez-toc-link ez-toc-heading-6\" href=\"https:\/\/www.calzadospayma.com\/blog\/cunas-rafia\/#Ten_en_cuenta_la_versatilidad\" >Ten en cuenta la versatilidad<\/a><\/li><\/ul><\/li><li class='ez-toc-page-1 ez-toc-heading-level-2'><a class=\"ez-toc-link ez-toc-heading-7\" href=\"https:\/\/www.calzadospayma.com\/blog\/cunas-rafia\/#Las_mejores_marcas_de_calzado_ofrecen_una_amplia_seleccion_de_cunas_de_rafia\" >Las mejores marcas de calzado ofrecen una amplia selecci\u00f3n de cu\u00f1as de rafia<\/a><\/li><li class='ez-toc-page-1 ez-toc-heading-level-2'><a class=\"ez-toc-link ez-toc-heading-8\" href=\"https:\/\/www.calzadospayma.com\/blog\/cunas-rafia\/#Como_combinar_las_cunas_de_rafia_para_lograr_looks_unicos_y_elegantes\" >C\u00f3mo combinar las cu\u00f1as de rafia para lograr looks \u00fanicos y elegantes<\/a><ul class='ez-toc-list-level-3' ><li class='ez-toc-heading-level-3'><a class=\"ez-toc-link ez-toc-heading-9\" href=\"https:\/\/www.calzadospayma.com\/blog\/cunas-rafia\/#Consejos_para_combinar_cunas_de_rafia\" >Consejos para combinar cu\u00f1as de rafia:<\/a><\/li><\/ul><\/li><\/ul><\/nav><\/div>\n\n<h2><span class=\"ez-toc-section\" id=\"Las_ultimas_tendencias_en_cunas_de_rafia_para_esta_temporada\"><\/span>Las \u00faltimas tendencias en cu\u00f1as de rafia para esta temporada<span class=\"ez-toc-section-end\"><\/span><\/h2>\n<p>Lo \u00faltimo en moda de calzado nos trae las impresionantes cu\u00f1as de rafia que est\u00e1n causando sensaci\u00f3n esta temporada. Se trata de un calzado vers\u00e1til y c\u00f3modo que combina a la perfecci\u00f3n con diversos estilos, desde un look casual de playa hasta un outfit m\u00e1s elegante para una tarde de verano. Las cu\u00f1as de rafia son el complemento ideal para cualquier ocasi\u00f3n durante los meses c\u00e1lidos del a\u00f1o.<\/p>\n<p>Las cu\u00f1as de rafia se han convertido en un must-have en el armario de cualquier amante de la moda. Su dise\u00f1o ligero y fresco aporta un toque bohemio a cualquier conjunto, mientras que la variedad de estilos disponibles permite adaptarse a los gustos y preferencias de cada persona. Desde las cl\u00e1sicas tiras cruzadas hasta las modernas alpargatas con plataforma, hay una amplia variedad de modelos que seguro conquistar\u00e1n tu coraz\u00f3n.<\/p>\n<p>En cuanto a los colores y estampados, las cu\u00f1as de rafia vienen en una gama que va desde tonos neutros y naturales, perfectos para un look m\u00e1s discreto, hasta dise\u00f1os m\u00e1s llamativos con estampados tropicales o detalles \u00e9tnicos. Esta diversidad de opciones asegura que cada persona pueda encontrar el par perfecto que se adapte a su estilo y personalidad.<\/p>\n<p>No pierdas la oportunidad de descubrir las \u00faltimas tendencias en cu\u00f1as de rafia y a\u00f1adir un toque de frescura y elegancia a tus atuendos de verano. Prep\u00e1rate para lucir el calzado m\u00e1s trendy de la temporada y deslumbrar con un estilo \u00fanico y desenfadado.<\/p>\n<h2><span class=\"ez-toc-section\" id=\"Descubre_como_lucir_a_la_moda_con_las_cunas_de_rafia_mas_trendy\"><\/span>Descubre c\u00f3mo lucir a la moda con las cu\u00f1as de rafia m\u00e1s trendy<span class=\"ez-toc-section-end\"><\/span><\/h2>\n<p><span class=\"seo\">Cuando se trata de lucir a la moda y sentirnos c\u00f3modas al mismo tiempo, las cu\u00f1as de rafia se convierten en un imprescindible del armario. Su estilo fresco y casual las hace perfectas para cualquier ocasi\u00f3n, ya sea para un paseo por la playa o para una salida de fin de semana. En este art\u00edculo, te contaremos todo lo que necesitas saber para llevar las cu\u00f1as de rafia de manera trendy, destacando las tendencias actuales y la versatilidad de este tipo de calzado.<\/span>[aib_post_related url=&#8217;\/blog\/alpargatas-online\/&#8217; title=&#8217;Descubre las \u00faltimas tendencias en alpargatas online&#8217; relatedtext=&#8217;Quiz\u00e1s tambi\u00e9n te interese:&#8217;][ppgbo category=\u00bb99&#8243; counter=\u00bb6&#8243;]<\/p>\n<h2><span class=\"ez-toc-section\" id=\"Consejos_para_elegir_las_cunas_de_rafia_perfectas_segun_tu_estilo\"><\/span>Consejos para elegir las cu\u00f1as de rafia perfectas seg\u00fan tu estilo<span class=\"ez-toc-section-end\"><\/span><\/h2>\n<p>Para elegir las cu\u00f1as de rafia perfectas seg\u00fan tu estilo, es importante considerar varios aspectos que se adapten a tus preferencias personales y necesidades de uso. Si est\u00e1s buscando un calzado veraniego que sea c\u00f3modo y a la moda, las cu\u00f1as de rafia son una excelente opci\u00f3n. Aqu\u00ed tienes algunos consejos clave para ayudarte a encontrar el par ideal que complemente tu estilo \u00fanico.<\/p>\n<h3><span class=\"ez-toc-section\" id=\"Considera_la_altura_del_tacon\"><\/span>Considera la altura del tac\u00f3n<span class=\"ez-toc-section-end\"><\/span><\/h3>\n<p>Si bien las cu\u00f1as de rafia suelen ofrecer comodidad adicional en comparaci\u00f3n con los tacones tradicionales, es importante elegir una altura que te resulte c\u00f3moda de llevar. Si no est\u00e1s acostumbrada a utilizar tacones altos, opta por una cu\u00f1a de altura moderada para garantizar la comodidad durante todo el d\u00eda.<\/p>\n<h3><span class=\"ez-toc-section\" id=\"Elige_un_diseno_que_se_ajuste_a_tu_estilo_personal\"><\/span>Elige un dise\u00f1o que se ajuste a tu estilo personal<span class=\"ez-toc-section-end\"><\/span><\/h3>\n<p>Las cu\u00f1as de rafia vienen en una amplia variedad de estilos, desde dise\u00f1os simples hasta opciones m\u00e1s elaboradas con detalles decorativos. Considera tu estilo personal y las prendas con las que planeas combinar las cu\u00f1as para garantizar que el dise\u00f1o se ajuste a tu gusto y personalidad.<\/p>\n<h3><span class=\"ez-toc-section\" id=\"Ten_en_cuenta_la_versatilidad\"><\/span>Ten en cuenta la versatilidad<span class=\"ez-toc-section-end\"><\/span><\/h3>\n<p>Si buscas maximizar el uso de tus cu\u00f1as de rafia, elige un par que pueda combinarse f\u00e1cilmente con diferentes outfits. Optar por colores neutros o tonos que complementen tu paleta de ropa existente te permitir\u00e1 sacar el m\u00e1ximo partido a tus nuevos zapatos de verano.<\/p>\n<p>Recuerda que la elecci\u00f3n de las cu\u00f1as de rafia perfectas depender\u00e1 en gran medida de tu estilo y preferencias individuales. Al considerar cuidadosamente la altura del tac\u00f3n, el dise\u00f1o y la versatilidad, podr\u00e1s encontrar el par ideal que se adapte a tu estilo personal y te brinde comodidad durante toda la temporada.<\/p>\n<h2><span class=\"ez-toc-section\" id=\"Las_mejores_marcas_de_calzado_ofrecen_una_amplia_seleccion_de_cunas_de_rafia\"><\/span>Las mejores marcas de calzado ofrecen una amplia selecci\u00f3n de cu\u00f1as de rafia<span class=\"ez-toc-section-end\"><\/span><\/h2>\n<p>Las cu\u00f1as de rafia son una opci\u00f3n fresca y vers\u00e1til para complementar tu estilo durante la temporada primavera-verano. Las mejores marcas de calzado ofrecen una amplia selecci\u00f3n de cu\u00f1as de rafia que combinan comodidad, estilo y calidad. Este tipo de calzado es perfecto para darle un toque bohemio a tus looks, ya sea para un d\u00eda casual o para una ocasi\u00f3n m\u00e1s especial.<\/p>\n<p>Al buscar cu\u00f1as de rafia, es importante considerar la altura del tac\u00f3n, el material de la rafia, el dise\u00f1o y la suela para asegurarte de encontrar el par perfecto que se ajuste a tus necesidades y preferencias. Las marcas l\u00edderes en calzado comprenden la importancia de ofrecer variedad en sus modelos de cu\u00f1as de rafia, desde opciones con tiras cruzadas hasta dise\u00f1os con plataforma, para satisfacer la diversidad de gustos y estilos.<\/p>\n<p>Adem\u00e1s de la selecci\u00f3n de cu\u00f1as de rafia, estas marcas de calzado suelen emplear materiales de alta calidad y t\u00e9cnicas de fabricaci\u00f3n que garantizan durabilidad y confort para el uso diario. Asimismo, algunas marcas tambi\u00e9n incorporan detalles como adornos \u00e9tnicos, colores vibrantes o estampados que a\u00f1aden un toque de originalidad a sus dise\u00f1os.<\/p>\n<p>Al considerar la adquisici\u00f3n de cu\u00f1as de rafia, es fundamental tener en cuenta la calidad, el dise\u00f1o y la comodidad que ofrecen las marcas reconocidas en el mercado. Explorar las opciones disponibles te permitir\u00e1 encontrar el par ideal que se adapte a tu estilo y te brinde la confianza de lucir un calzado de moda y funcional.[ppgbo category=\u00bb99&#8243; counter=\u00bb6&#8243;]<\/p>\n<h2><span class=\"ez-toc-section\" id=\"Como_combinar_las_cunas_de_rafia_para_lograr_looks_unicos_y_elegantes\"><\/span>C\u00f3mo combinar las cu\u00f1as de rafia para lograr looks \u00fanicos y elegantes<span class=\"ez-toc-section-end\"><\/span><\/h2>\n<p>\n  Las cu\u00f1as de rafia son un tipo de calzado vers\u00e1til que aporta comodidad y estilo a cualquier outfit. En este art\u00edculo te mostraremos c\u00f3mo puedes combinar las cu\u00f1as de rafia para crear looks \u00fanicos y elegantes, utilizando las \u00faltimas tendencias de moda y consejos para sacar el m\u00e1ximo partido a este tipo de zapato.\n<\/p>\n<p>[aib_post_related url=&#8217;\/blog\/cuna-mujer\/&#8217; title=&#8217;Descubre las \u00faltimas tendencias en cu\u00f1as para mujer&#8217; relatedtext=&#8217;Quiz\u00e1s tambi\u00e9n te interese:&#8217;]<\/p>\n<h3><span class=\"ez-toc-section\" id=\"Consejos_para_combinar_cunas_de_rafia\"><\/span>Consejos para combinar cu\u00f1as de rafia:<span class=\"ez-toc-section-end\"><\/span><\/h3>\n<ul>\n<li><b>Estilo casual:<\/b> Combina las cu\u00f1as de rafia con unos vaqueros de corte recto y una blusa holgada para un look casual y c\u00f3modo.<\/li>\n<li><b>Look veraniego:<\/b> Para un estilo fresco de verano, combina las cu\u00f1as de rafia con un vestido ligero y un sombrero de ala ancha.<\/li>\n<li><b>Toque elegante:<\/b> Para eventos m\u00e1s formales, puedes optar por combinar las cu\u00f1as de rafia con un elegante vestido midi o una falda l\u00e1piz.<\/li>\n<\/ul>\n","protected":false},"excerpt":{"rendered":"<p>[ppgbo category=\u00bb99&#8243; counter=\u00bb6&#8243;] Las \u00faltimas tendencias en cu\u00f1as de rafia para esta temporada Lo \u00faltimo en moda de calzado nos trae las impresionantes cu\u00f1as de rafia que est\u00e1n causando sensaci\u00f3n esta temporada. Se trata de un calzado vers\u00e1til y c\u00f3modo que combina a la perfecci\u00f3n con diversos estilos, desde un look casual de playa hasta&hellip;<\/p>\n","protected":false},"author":4,"featured_media":0,"comment_status":"","ping_status":"open","sticky":false,"template":"","format":"standard","meta":{"footnotes":""},"categories":[449],"tags":[],"_links":{"self":[{"href":"https:\/\/www.calzadospayma.com\/blog\/wp-json\/wp\/v2\/posts\/2567"}],"collection":[{"href":"https:\/\/www.calzadospayma.com\/blog\/wp-json\/wp\/v2\/posts"}],"about":[{"href":"https:\/\/www.calzadospayma.com\/blog\/wp-json\/wp\/v2\/types\/post"}],"author":[{"embeddable":true,"href":"https:\/\/www.calzadospayma.com\/blog\/wp-json\/wp\/v2\/users\/4"}],"replies":[{"embeddable":true,"href":"https:\/\/www.calzadospayma.com\/blog\/wp-json\/wp\/v2\/comments?post=2567"}],"version-history":[{"count":0,"href":"https:\/\/www.calzadospayma.com\/blog\/wp-json\/wp\/v2\/posts\/2567\/revisions"}],"wp:attachment":[{"href":"https:\/\/www.calzadospayma.com\/blog\/wp-json\/wp\/v2\/media?parent=2567"}],"wp:term":[{"taxonomy":"category","embeddable":true,"href":"https:\/\/www.calzadospayma.com\/blog\/wp-json\/wp\/v2\/categories?post=2567"},{"taxonomy":"post_tag","embeddable":true,"href":"https:\/\/www.calzadospayma.com\/blog\/wp-json\/wp\/v2\/tags?post=2567"}],"curies":[{"name":"wp","href":"https:\/\/api.w.org\/{rel}","templated":true}]}}