{"id":2585,"date":"2024-03-24T10:40:19","date_gmt":"2024-03-24T09:40:19","guid":{"rendered":"https:\/\/www.calzadospayma.com\/blog\/cunas-tiras\/"},"modified":"2024-03-24T10:40:19","modified_gmt":"2024-03-24T09:40:19","slug":"cunas-tiras","status":"publish","type":"post","link":"https:\/\/www.calzadospayma.com\/blog\/cunas-tiras\/","title":{"rendered":"Descubre las \u00faltimas tendencias en cu\u00f1as y tiras para tu calzado"},"content":{"rendered":"<p>[ppgbo category=\u00bb99&#8243; counter=\u00bb6&#8243;]<\/p><div id=\"ez-toc-container\" class=\"ez-toc-v2_0_82_2 counter-hierarchy ez-toc-counter ez-toc-grey ez-toc-container-direction\">\n<div class=\"ez-toc-title-container\">\n<p class=\"ez-toc-title\" style=\"cursor:inherit\">\u00bfQu\u00e9 vas a encontrar aqu\u00ed?<\/p>\n<span class=\"ez-toc-title-toggle\"><a href=\"#\" class=\"ez-toc-pull-right ez-toc-btn ez-toc-btn-xs ez-toc-btn-default ez-toc-toggle\" aria-label=\"Alternar tabla de contenidos\"><span class=\"ez-toc-js-icon-con\"><span class=\"\"><span class=\"eztoc-hide\" style=\"display:none;\">Toggle<\/span><span class=\"ez-toc-icon-toggle-span\"><svg style=\"fill: #999;color:#999\" xmlns=\"http:\/\/www.w3.org\/2000\/svg\" class=\"list-377408\" width=\"20px\" height=\"20px\" viewBox=\"0 0 24 24\" fill=\"none\"><path d=\"M6 6H4v2h2V6zm14 0H8v2h12V6zM4 11h2v2H4v-2zm16 0H8v2h12v-2zM4 16h2v2H4v-2zm16 0H8v2h12v-2z\" fill=\"currentColor\"><\/path><\/svg><svg style=\"fill: #999;color:#999\" class=\"arrow-unsorted-368013\" xmlns=\"http:\/\/www.w3.org\/2000\/svg\" width=\"10px\" height=\"10px\" viewBox=\"0 0 24 24\" version=\"1.2\" baseProfile=\"tiny\"><path d=\"M18.2 9.3l-6.2-6.3-6.2 6.3c-.2.2-.3.4-.3.7s.1.5.3.7c.2.2.4.3.7.3h11c.3 0 .5-.1.7-.3.2-.2.3-.5.3-.7s-.1-.5-.3-.7zM5.8 14.7l6.2 6.3 6.2-6.3c.2-.2.3-.5.3-.7s-.1-.5-.3-.7c-.2-.2-.4-.3-.7-.3h-11c-.3 0-.5.1-.7.3-.2.2-.3.5-.3.7s.1.5.3.7z\"\/><\/svg><\/span><\/span><\/span><\/a><\/span><\/div>\n<nav><ul class='ez-toc-list ez-toc-list-level-1 ' ><ul class='ez-toc-list-level-2' ><li class='ez-toc-heading-level-2'><a class=\"ez-toc-link ez-toc-heading-1\" href=\"https:\/\/www.calzadospayma.com\/blog\/cunas-tiras\/#_en_un_articulo_que_ataca_la_keyword_%C2%ABcunas_tiras%C2%BB_%C2%ABhtml_Articulo_sobre_cunas_tiras_Las_mejores_cunas_tiras_para_lucir_este_verano_En_este_articulo_te_mostraremos_las_ultimas_tendencias_en_cunas_tiras_para_que_puedas_elegir_las_que_mejor_se_adaptan_a_tu_estilo_Cunas_tiras_la_combinacion_perfecta_de_confort_y_estilo\" >` en un art\u00edculo que ataca la keyword \u00abcu\u00f1as tiras\u00bb:\n\u00ab`html \n \n \n \n   \n   \n  Art\u00edculo sobre cu\u00f1as tiras \n \n\n\nLas mejores cu\u00f1as tiras para lucir este verano\nEn este art\u00edculo te mostraremos las \u00faltimas tendencias en cu\u00f1as tiras para que puedas elegir las que mejor se adaptan a tu estilo.\nCu\u00f1as tiras: la combinaci\u00f3n perfecta de confort y estilo<\/a><\/li><li class='ez-toc-page-1 ez-toc-heading-level-2'><a class=\"ez-toc-link ez-toc-heading-2\" href=\"https:\/\/www.calzadospayma.com\/blog\/cunas-tiras\/#Las_cunas_tiras_son_el_calzado_perfecto_para_lucir_elegante_y_comoda_durante_el_verano_Descubre_las_ultimas_tendencias_combinaciones_de_colores_y_materiales_que_te_permitiran_encontrar_el_par_ideal_que_se_adapte_a_tu_estilo_Explora_como_estas_cunas_ofrecen_la_combinacion_ideal_de_confort_y_moda_proporcionando_una_experiencia_unica_para_tus_pies_durante_la_temporada_calida_Encuentra_una_amplia_variedad_de_opciones_para_que_puedas_encontrar_las_cunas_tiras_que_se_ajusten_a_tus_preferencias_personales_ya_sea_para_ocasiones_casuales_o_formales\" >Las cu\u00f1as tiras son el calzado perfecto para lucir elegante y c\u00f3moda durante el verano. Descubre las \u00faltimas tendencias, combinaciones de colores y materiales que te permitir\u00e1n encontrar el par ideal que se adapte a tu estilo. Explora c\u00f3mo estas cu\u00f1as ofrecen la combinaci\u00f3n ideal de confort y moda, proporcionando una experiencia \u00fanica para tus pies durante la temporada c\u00e1lida. Encuentra una amplia variedad de opciones para que puedas encontrar las cu\u00f1as tiras que se ajusten a tus preferencias personales, ya sea para ocasiones casuales o formales.<\/a><\/li><li class='ez-toc-page-1 ez-toc-heading-level-2'><a class=\"ez-toc-link ez-toc-heading-3\" href=\"https:\/\/www.calzadospayma.com\/blog\/cunas-tiras\/#Tipos_de_cunas_tiras_encuentra_la_que_mejor_se_adapta_a_ti\" >Tipos de cu\u00f1as tiras: encuentra la que mejor se adapta a ti<\/a><\/li><\/ul><\/li><li class='ez-toc-page-1 ez-toc-heading-level-1'><a class=\"ez-toc-link ez-toc-heading-4\" href=\"https:\/\/www.calzadospayma.com\/blog\/cunas-tiras\/#Tipos_de_cunas_tiras_encuentra_la_que_mejor_se_adapta_a_ti-2\" >Tipos de cu\u00f1as tiras: encuentra la que mejor se adapta a ti<\/a><ul class='ez-toc-list-level-2' ><li class='ez-toc-heading-level-2'><a class=\"ez-toc-link ez-toc-heading-5\" href=\"https:\/\/www.calzadospayma.com\/blog\/cunas-tiras\/#Tiras_anchas_de_esparto\" >Tiras anchas de esparto<\/a><ul class='ez-toc-list-level-3' ><li class='ez-toc-heading-level-3'><a class=\"ez-toc-link ez-toc-heading-6\" href=\"https:\/\/www.calzadospayma.com\/blog\/cunas-tiras\/#Colores_disponibles\" >Colores disponibles:<\/a><\/li><\/ul><\/li><li class='ez-toc-page-1 ez-toc-heading-level-2'><a class=\"ez-toc-link ez-toc-heading-7\" href=\"https:\/\/www.calzadospayma.com\/blog\/cunas-tiras\/#Tiras_finas_con_plataforma\" >Tiras finas con plataforma<\/a><ul class='ez-toc-list-level-3' ><li class='ez-toc-heading-level-3'><a class=\"ez-toc-link ez-toc-heading-8\" href=\"https:\/\/www.calzadospayma.com\/blog\/cunas-tiras\/#Materiales_disponibles\" >Materiales disponibles:<\/a><\/li><\/ul><\/li><li class='ez-toc-page-1 ez-toc-heading-level-2'><a class=\"ez-toc-link ez-toc-heading-9\" href=\"https:\/\/www.calzadospayma.com\/blog\/cunas-tiras\/#Tiras_entrelazadas_con_estampado_floral\" >Tiras entrelazadas con estampado floral<\/a><ul class='ez-toc-list-level-3' ><li class='ez-toc-heading-level-3'><a class=\"ez-toc-link ez-toc-heading-10\" href=\"https:\/\/www.calzadospayma.com\/blog\/cunas-tiras\/#Alturas_de_tacon\" >Alturas de tac\u00f3n:<\/a><\/li><\/ul><\/li><li class='ez-toc-page-1 ez-toc-heading-level-2'><a class=\"ez-toc-link ez-toc-heading-11\" href=\"https:\/\/www.calzadospayma.com\/blog\/cunas-tiras\/#Como_combinar_cunas_tiras_con_tus_looks_diarios\" >C\u00f3mo combinar cu\u00f1as tiras con tus looks diarios<\/a><\/li><li class='ez-toc-page-1 ez-toc-heading-level-2'><a class=\"ez-toc-link ez-toc-heading-12\" href=\"https:\/\/www.calzadospayma.com\/blog\/cunas-tiras\/#Compra_tus_cunas_tiras_online_al_mejor_precio\" >Compra tus cu\u00f1as tiras online al mejor precio<\/a><\/li><li class='ez-toc-page-1 ez-toc-heading-level-2'><a class=\"ez-toc-link ez-toc-heading-13\" href=\"https:\/\/www.calzadospayma.com\/blog\/cunas-tiras\/#Caracteristicas_de_las_cunas_tiras\" >Caracter\u00edsticas de las cu\u00f1as tiras<\/a><ul class='ez-toc-list-level-3' ><li class='ez-toc-heading-level-3'><a class=\"ez-toc-link ez-toc-heading-14\" href=\"https:\/\/www.calzadospayma.com\/blog\/cunas-tiras\/#Consejos_para_elegir_las_cunas_tiras_perfectas\" >Consejos para elegir las cu\u00f1as tiras perfectas<\/a><\/li><\/ul><\/li><\/ul><\/li><\/ul><\/nav><\/div>\n\n<h2>` en un art\u00edculo que ataca la keyword \u00abcu\u00f1as tiras\u00bb:<\/p>\n<p>\u00ab`html<br \/>\n<!DOCTYPE html><br \/>\n<html lang=\"es\"><br \/>\n<head><br \/>\n  <meta charset=\"UTF-8\"><br \/>\n  <meta name=\"viewport\" content=\"width=device-width, initial-scale=1.0\"><br \/>\n  <title>Art\u00edculo sobre cu\u00f1as tiras<\/title><br \/>\n<\/head><br \/>\n<body><\/p>\n<article>\n<h1>Las mejores cu\u00f1as tiras para lucir este verano<\/h1>\n<p>En este art\u00edculo te mostraremos las \u00faltimas tendencias en cu\u00f1as tiras para que puedas elegir las que mejor se adaptan a tu estilo.<\/p>\n<h2>Cu\u00f1as tiras: la combinaci\u00f3n perfecta de confort y estilo<\/h2>\n<h2><span class=\"ez-toc-section\" id=\"Las_cunas_tiras_son_el_calzado_perfecto_para_lucir_elegante_y_comoda_durante_el_verano_Descubre_las_ultimas_tendencias_combinaciones_de_colores_y_materiales_que_te_permitiran_encontrar_el_par_ideal_que_se_adapte_a_tu_estilo_Explora_como_estas_cunas_ofrecen_la_combinacion_ideal_de_confort_y_moda_proporcionando_una_experiencia_unica_para_tus_pies_durante_la_temporada_calida_Encuentra_una_amplia_variedad_de_opciones_para_que_puedas_encontrar_las_cunas_tiras_que_se_ajusten_a_tus_preferencias_personales_ya_sea_para_ocasiones_casuales_o_formales\"><\/span>Las cu\u00f1as tiras son el calzado perfecto para lucir elegante y c\u00f3moda durante el verano. Descubre las \u00faltimas tendencias, combinaciones de colores y materiales que te permitir\u00e1n encontrar el par ideal que se adapte a tu estilo. Explora c\u00f3mo estas cu\u00f1as ofrecen la combinaci\u00f3n ideal de confort y moda, proporcionando una experiencia \u00fanica para tus pies durante la temporada c\u00e1lida. Encuentra una amplia variedad de opciones para que puedas encontrar las cu\u00f1as tiras que se ajusten a tus preferencias personales, ya sea para ocasiones casuales o formales.<span class=\"ez-toc-section-end\"><\/span><\/h2>\n<p>[aib_post_related url=&#8217;\/blog\/alpargatas-esparto-online\/&#8217; title=&#8217;Encuentra los mejores modelos de alpargatas de esparto online&#8217; relatedtext=&#8217;Quiz\u00e1s tambi\u00e9n te interese:&#8217;]<\/p>\n<h2><span class=\"ez-toc-section\" id=\"Tipos_de_cunas_tiras_encuentra_la_que_mejor_se_adapta_a_ti\"><\/span>Tipos de cu\u00f1as tiras: encuentra la que mejor se adapta a ti<span class=\"ez-toc-section-end\"><\/span><\/h2>\n<h1><span class=\"ez-toc-section\" id=\"Tipos_de_cunas_tiras_encuentra_la_que_mejor_se_adapta_a_ti-2\"><\/span>Tipos de cu\u00f1as tiras: encuentra la que mejor se adapta a ti<span class=\"ez-toc-section-end\"><\/span><\/h1>\n<p>Las cu\u00f1as tiras son un tipo de calzado muy de moda esta temporada. Si est\u00e1s buscando el par perfecto que te haga lucir a la moda y c\u00f3moda al mismo tiempo, est\u00e1s en el lugar adecuado. Aqu\u00ed te mostramos una gu\u00eda completa para que encuentres la cu\u00f1a tira que mejor se adapta a tu estilo y necesidades.<\/p>\n<h2><span class=\"ez-toc-section\" id=\"Tiras_anchas_de_esparto\"><\/span>Tiras anchas de esparto<span class=\"ez-toc-section-end\"><\/span><\/h2>\n<p>Las cu\u00f1as con tiras anchas de esparto son ideales para un look veraniego y casual. El esparto le da un toque r\u00fastico y fresco, perfecto para ocasiones m\u00e1s informales. Adem\u00e1s, su material es muy resistente y duradero, por lo que te garantiza comodidad durante largas jornadas.<\/p>\n<h3><span class=\"ez-toc-section\" id=\"Colores_disponibles\"><\/span>Colores disponibles:<span class=\"ez-toc-section-end\"><\/span><\/h3>\n<ul>\n<li>Tostado<\/li>\n<li>Negro<\/li>\n<li>Rojo<\/li>\n<\/ul>\n<p>  [ppgbo category=\u00bb99&#8243; counter=\u00bb6&#8243;]<\/p>\n<h2><span class=\"ez-toc-section\" id=\"Tiras_finas_con_plataforma\"><\/span>Tiras finas con plataforma<span class=\"ez-toc-section-end\"><\/span><\/h2>\n<p>Si prefieres algo m\u00e1s elegante y sofisticado, las cu\u00f1as con tiras finas y plataforma son la opci\u00f3n ideal. Este dise\u00f1o suele ser m\u00e1s vers\u00e1til, perfecto para combinar con diferentes outfits, desde vestidos hasta pantalones. La plataforma te dar\u00e1 un extra de altura sin sacrificar la estabilidad.<\/p>\n<h3><span class=\"ez-toc-section\" id=\"Materiales_disponibles\"><\/span>Materiales disponibles:<span class=\"ez-toc-section-end\"><\/span><\/h3>\n<ul>\n<li>Charol<\/li>\n<li>Ante<\/li>\n<li>Tejido<\/li>\n<\/ul>\n<h2><span class=\"ez-toc-section\" id=\"Tiras_entrelazadas_con_estampado_floral\"><\/span>Tiras entrelazadas con estampado floral<span class=\"ez-toc-section-end\"><\/span><\/h2>\n<p>Para un toque m\u00e1s rom\u00e1ntico y femenino, las cu\u00f1as con tiras entrelazadas y estampado floral son la elecci\u00f3n perfecta. Este dise\u00f1o es ideal para eventos primaverales o incluso para el d\u00eda a d\u00eda si quieres a\u00f1adir un toque de color y alegr\u00eda a tu look.<\/p>\n<h3><span class=\"ez-toc-section\" id=\"Alturas_de_tacon\"><\/span>Alturas de tac\u00f3n:<span class=\"ez-toc-section-end\"><\/span><\/h3>\n<ul>\n<li>Baja<\/li>\n<li>Media<\/li>\n<\/ul>\n<h2><span class=\"ez-toc-section\" id=\"Como_combinar_cunas_tiras_con_tus_looks_diarios\"><\/span>C\u00f3mo combinar cu\u00f1as tiras con tus looks diarios<span class=\"ez-toc-section-end\"><\/span><\/h2>\n<p>Mejorando tu estilo con las cu\u00f1as tiras. Descubre c\u00f3mo realzar tus looks diarios con este calzado tan vers\u00e1til y c\u00f3modo. Las cu\u00f1as tiras son una opci\u00f3n perfecta para toda ocasi\u00f3n, desde un d\u00eda casual en la oficina hasta una noche especial. Su dise\u00f1o elegante y su comodidad las convierten en un must-have en tu armario. <\/p>\n<p>Las cu\u00f1as tiras combinan a la perfecci\u00f3n con diferentes prendas y estilos, aportando un toque de sofisticaci\u00f3n a tu outfit. Puedes optar por unos jeans ajustados y una camiseta b\u00e1sica para un look casual, o lucirlas con un vestido vaporoso para un evento m\u00e1s formal. La clave est\u00e1 en encontrar el equilibrio entre la comodidad y la elegancia.<\/p>\n<p>No te limites a un solo estilo, experimenta con diferentes combinaciones y accesorios para crear looks \u00fanicos. Agrega un toque de color con unos pendientes llamativos o una bufanda estampada. La versatilidad de las cu\u00f1as tiras te permite jugar con tu creatividad y adaptarlas a tu propio estilo personal.<\/p>\n<p>En resumen, las cu\u00f1as tiras son la opci\u00f3n ideal para a\u00f1adir altura y estilo a tus looks diarios. Su comodidad y versatilidad las convierten en un imprescindible en cualquier guardarropa. Experimenta con diferentes combinaciones y descubre c\u00f3mo este calzado puede elevar tu estilo en cualquier ocasi\u00f3n.<\/p>\n<h2><span class=\"ez-toc-section\" id=\"Compra_tus_cunas_tiras_online_al_mejor_precio\"><\/span>Compra tus cu\u00f1as tiras online al mejor precio<span class=\"ez-toc-section-end\"><\/span><\/h2>\n<p>Si est\u00e1s buscando una forma c\u00f3moda y elegante de lucir durante el verano, las cu\u00f1as tiras son la opci\u00f3n perfecta. Este tipo de calzado combina la frescura de las sandalias con la comodidad y altura que proporcionan las cu\u00f1as. En este art\u00edculo, te proporcionaremos informaci\u00f3n detallada sobre c\u00f3mo elegir y comprar tus cu\u00f1as tiras online al mejor precio.<\/p>\n<p>    [aib_post_related url=&#8217;\/blog\/cunas-esparto-color-buganvilla\/&#8217; title=&#8217;Cu\u00f1as esparto color buganvilla: la tendencia imprescindible en calzado verano&#8217; relatedtext=&#8217;Quiz\u00e1s tambi\u00e9n te interese:&#8217;][ppgbo category=\u00bb99&#8243; counter=\u00bb6&#8243;]<\/p>\n<h2><span class=\"ez-toc-section\" id=\"Caracteristicas_de_las_cunas_tiras\"><\/span>Caracter\u00edsticas de las cu\u00f1as tiras<span class=\"ez-toc-section-end\"><\/span><\/h2>\n<p>Cuando buscas cu\u00f1as tiras, es importante conocer las caracter\u00edsticas que las hacen destacar. Estas sandalias cuentan con una suela de cu\u00f1a que ofrece soporte y elevaci\u00f3n, lo que las hace ideales para caminar durante largos periodos sin renunciar a la comodidad. Adem\u00e1s, las tiras en la parte superior sujetan el pie de forma segura, brindando un ajuste perfecto para cualquier ocasi\u00f3n.<\/p>\n<p>En cuanto a los materiales, las cu\u00f1as tiras suelen fabricarse en cuero, sint\u00e9tico o tela, lo que te permite elegir el estilo que mejor se adapte a tu gusto personal. Algunas tambi\u00e9n incorporan detalles decorativos como hebillas o trenzados, a\u00f1adiendo un toque de sofisticaci\u00f3n a tu outfit veraniego.<\/p>\n<p>    [aib_post_related url=&#8217;\/blog\/cunas-negras-baratas\/&#8217; title=&#8217;Descubre las mejores opciones de cu\u00f1as negras a precios asequibles&#8217; relatedtext=&#8217;Quiz\u00e1s tambi\u00e9n te interese:&#8217;]<\/p>\n<h3><span class=\"ez-toc-section\" id=\"Consejos_para_elegir_las_cunas_tiras_perfectas\"><\/span>Consejos para elegir las cu\u00f1as tiras perfectas<span class=\"ez-toc-section-end\"><\/span><\/h3>\n<p>A la hora de seleccionar tus cu\u00f1as tiras ideales, ten en cuenta el tipo de evento o actividad en la que planeas usarlas. Si buscas un par vers\u00e1til para el d\u00eda a d\u00eda, elige un dise\u00f1o c\u00f3modo y neutro que puedas combinar con m\u00faltiples conjuntos. Por otro lado, si necesitas un estilo m\u00e1s elegante para eventos formales, opta por cu\u00f1as tiras en tonos met\u00e1licos o con detalles elegantes para realzar tu look.<\/p>\n<p>Adem\u00e1s, es fundamental considerar la altura del tac\u00f3n de las cu\u00f1as. Si buscas un calzado que te proporcione un poco de elevaci\u00f3n sin sacrificar la estabilidad, elige una cu\u00f1a de altura media. Si prefieres un look m\u00e1s impactante, podr\u00edas optar por un dise\u00f1o con una cu\u00f1a m\u00e1s alta, pero aseg\u00farate de que sea c\u00f3modo para caminar sin problemas.<\/p>\n<p>En resumen, las cu\u00f1as tiras combinan estilo y comodidad, ofreci\u00e9ndote la libertad de movimiento junto con un toque de elegancia. \u00a1No esperes m\u00e1s para comprar tus cu\u00f1as tiras online al mejor precio y disfrutar de la temporada estival con todo el estilo que mereces!<\/p>\n","protected":false},"excerpt":{"rendered":"<p>[ppgbo category=\u00bb99&#8243; counter=\u00bb6&#8243;] ` en un art\u00edculo que ataca la keyword \u00abcu\u00f1as tiras\u00bb: \u00ab`html Art\u00edculo sobre cu\u00f1as tiras Las mejores cu\u00f1as tiras para lucir este verano En este art\u00edculo te mostraremos las \u00faltimas tendencias en cu\u00f1as tiras para que puedas elegir las que mejor se adaptan a tu estilo. Cu\u00f1as tiras: la combinaci\u00f3n perfecta de&hellip;<\/p>\n","protected":false},"author":4,"featured_media":0,"comment_status":"","ping_status":"open","sticky":false,"template":"","format":"standard","meta":{"footnotes":""},"categories":[449],"tags":[],"_links":{"self":[{"href":"https:\/\/www.calzadospayma.com\/blog\/wp-json\/wp\/v2\/posts\/2585"}],"collection":[{"href":"https:\/\/www.calzadospayma.com\/blog\/wp-json\/wp\/v2\/posts"}],"about":[{"href":"https:\/\/www.calzadospayma.com\/blog\/wp-json\/wp\/v2\/types\/post"}],"author":[{"embeddable":true,"href":"https:\/\/www.calzadospayma.com\/blog\/wp-json\/wp\/v2\/users\/4"}],"replies":[{"embeddable":true,"href":"https:\/\/www.calzadospayma.com\/blog\/wp-json\/wp\/v2\/comments?post=2585"}],"version-history":[{"count":0,"href":"https:\/\/www.calzadospayma.com\/blog\/wp-json\/wp\/v2\/posts\/2585\/revisions"}],"wp:attachment":[{"href":"https:\/\/www.calzadospayma.com\/blog\/wp-json\/wp\/v2\/media?parent=2585"}],"wp:term":[{"taxonomy":"category","embeddable":true,"href":"https:\/\/www.calzadospayma.com\/blog\/wp-json\/wp\/v2\/categories?post=2585"},{"taxonomy":"post_tag","embeddable":true,"href":"https:\/\/www.calzadospayma.com\/blog\/wp-json\/wp\/v2\/tags?post=2585"}],"curies":[{"name":"wp","href":"https:\/\/api.w.org\/{rel}","templated":true}]}}