{"id":2594,"date":"2024-03-24T12:16:17","date_gmt":"2024-03-24T11:16:17","guid":{"rendered":"https:\/\/www.calzadospayma.com\/blog\/cunas-verano-mujer\/"},"modified":"2024-03-24T12:16:17","modified_gmt":"2024-03-24T11:16:17","slug":"cunas-verano-mujer","status":"publish","type":"post","link":"https:\/\/www.calzadospayma.com\/blog\/cunas-verano-mujer\/","title":{"rendered":"Descubre las mejores cu\u00f1as de verano para mujer"},"content":{"rendered":"<p>[ppgbo category=\u00bb99&#8243; counter=\u00bb6&#8243;]<\/p><div id=\"ez-toc-container\" class=\"ez-toc-v2_0_82_2 counter-hierarchy ez-toc-counter ez-toc-grey ez-toc-container-direction\">\n<div class=\"ez-toc-title-container\">\n<p class=\"ez-toc-title\" style=\"cursor:inherit\">\u00bfQu\u00e9 vas a encontrar aqu\u00ed?<\/p>\n<span class=\"ez-toc-title-toggle\"><a href=\"#\" class=\"ez-toc-pull-right ez-toc-btn ez-toc-btn-xs ez-toc-btn-default ez-toc-toggle\" aria-label=\"Alternar tabla de contenidos\"><span class=\"ez-toc-js-icon-con\"><span class=\"\"><span class=\"eztoc-hide\" style=\"display:none;\">Toggle<\/span><span class=\"ez-toc-icon-toggle-span\"><svg style=\"fill: #999;color:#999\" xmlns=\"http:\/\/www.w3.org\/2000\/svg\" class=\"list-377408\" width=\"20px\" height=\"20px\" viewBox=\"0 0 24 24\" fill=\"none\"><path d=\"M6 6H4v2h2V6zm14 0H8v2h12V6zM4 11h2v2H4v-2zm16 0H8v2h12v-2zM4 16h2v2H4v-2zm16 0H8v2h12v-2z\" fill=\"currentColor\"><\/path><\/svg><svg style=\"fill: #999;color:#999\" class=\"arrow-unsorted-368013\" xmlns=\"http:\/\/www.w3.org\/2000\/svg\" width=\"10px\" height=\"10px\" viewBox=\"0 0 24 24\" version=\"1.2\" baseProfile=\"tiny\"><path d=\"M18.2 9.3l-6.2-6.3-6.2 6.3c-.2.2-.3.4-.3.7s.1.5.3.7c.2.2.4.3.7.3h11c.3 0 .5-.1.7-.3.2-.2.3-.5.3-.7s-.1-.5-.3-.7zM5.8 14.7l6.2 6.3 6.2-6.3c.2-.2.3-.5.3-.7s-.1-.5-.3-.7c-.2-.2-.4-.3-.7-.3h-11c-.3 0-.5.1-.7.3-.2.2-.3.5-.3.7s.1.5.3.7z\"\/><\/svg><\/span><\/span><\/span><\/a><\/span><\/div>\n<nav><ul class='ez-toc-list ez-toc-list-level-1 ' ><li class='ez-toc-page-1 ez-toc-heading-level-2'><a class=\"ez-toc-link ez-toc-heading-1\" href=\"https:\/\/www.calzadospayma.com\/blog\/cunas-verano-mujer\/#%C2%BFPor_que_las_cunas_son_el_calzado_ideal_para_el_verano\" >\u00bfPor qu\u00e9 las cu\u00f1as son el calzado ideal para el verano?<\/a><\/li><li class='ez-toc-page-1 ez-toc-heading-level-2'><a class=\"ez-toc-link ez-toc-heading-2\" href=\"https:\/\/www.calzadospayma.com\/blog\/cunas-verano-mujer\/#Consejos_para_elegir_las_cunas_de_verano_perfectas\" >Consejos para elegir las cu\u00f1as de verano perfectas<\/a><ul class='ez-toc-list-level-3' ><li class='ez-toc-heading-level-3'><a class=\"ez-toc-link ez-toc-heading-3\" href=\"https:\/\/www.calzadospayma.com\/blog\/cunas-verano-mujer\/#Altura_y_comodidad\" >Altura y comodidad<\/a><\/li><li class='ez-toc-page-1 ez-toc-heading-level-3'><a class=\"ez-toc-link ez-toc-heading-4\" href=\"https:\/\/www.calzadospayma.com\/blog\/cunas-verano-mujer\/#Materiales_y_estilo\" >Materiales y estilo<\/a><\/li><li class='ez-toc-page-1 ez-toc-heading-level-3'><a class=\"ez-toc-link ez-toc-heading-5\" href=\"https:\/\/www.calzadospayma.com\/blog\/cunas-verano-mujer\/#Versatilidad_y_tendencia\" >Versatilidad y tendencia<\/a><\/li><\/ul><\/li><li class='ez-toc-page-1 ez-toc-heading-level-2'><a class=\"ez-toc-link ez-toc-heading-6\" href=\"https:\/\/www.calzadospayma.com\/blog\/cunas-verano-mujer\/#Los_mejores_estilos_de_cunas_para_lucir_en_el_verano\" >Los mejores estilos de cu\u00f1as para lucir en el verano<\/a><ul class='ez-toc-list-level-3' ><li class='ez-toc-heading-level-3'><a class=\"ez-toc-link ez-toc-heading-7\" href=\"https:\/\/www.calzadospayma.com\/blog\/cunas-verano-mujer\/#1_Cunas_de_esparto\" >1. Cu\u00f1as de esparto<\/a><\/li><li class='ez-toc-page-1 ez-toc-heading-level-3'><a class=\"ez-toc-link ez-toc-heading-8\" href=\"https:\/\/www.calzadospayma.com\/blog\/cunas-verano-mujer\/#2_Cunas_de_plataforma\" >2. Cu\u00f1as de plataforma<\/a><\/li><li class='ez-toc-page-1 ez-toc-heading-level-3'><a class=\"ez-toc-link ez-toc-heading-9\" href=\"https:\/\/www.calzadospayma.com\/blog\/cunas-verano-mujer\/#3_Cunas_de_tiras\" >3. Cu\u00f1as de tiras<\/a><\/li><\/ul><\/li><li class='ez-toc-page-1 ez-toc-heading-level-2'><a class=\"ez-toc-link ez-toc-heading-10\" href=\"https:\/\/www.calzadospayma.com\/blog\/cunas-verano-mujer\/#Combinaciones_de_moda_como_llevar_las_cunas_este_verano\" >Combinaciones de moda: c\u00f3mo llevar las cu\u00f1as este verano<\/a><\/li><li class='ez-toc-page-1 ez-toc-heading-level-2'><a class=\"ez-toc-link ez-toc-heading-11\" href=\"https:\/\/www.calzadospayma.com\/blog\/cunas-verano-mujer\/#%C2%BFDonde_comprar_las_mejores_cunas_de_verano_para_mujer\" >\u00bfD\u00f3nde comprar las mejores cu\u00f1as de verano para mujer?<\/a><\/li><\/ul><\/nav><\/div>\n\n<h2><span class=\"ez-toc-section\" id=\"%C2%BFPor_que_las_cunas_son_el_calzado_ideal_para_el_verano\"><\/span>\u00bfPor qu\u00e9 las cu\u00f1as son el calzado ideal para el verano?<span class=\"ez-toc-section-end\"><\/span><\/h2>\n<p>Llega el verano y con \u00e9l, la b\u00fasqueda del calzado perfecto para disfrutar de la temporada estival. Entre todas las opciones, las cu\u00f1as emergen como un imprescindible, conquistando el podio del calzado ideal para la \u00e9poca estival. \u00bfPero cu\u00e1l es el motivo detr\u00e1s de su popularidad? Aqu\u00ed te lo contamos.<\/p>\n<p>Las cu\u00f1as poseen una inclinaci\u00f3n que proporciona estabilidad y comodidad al caminar, evitando la tensi\u00f3n excesiva en los pies que pueden causar otros tipos de calzado. Adem\u00e1s, su dise\u00f1o vers\u00e1til las convierte en el aliado perfecto para un look casual de d\u00eda o para una noche m\u00e1s elegante.<\/p>\n<p>El material de las cu\u00f1as es clave en su idoneidad para el verano. Fabricadas en tejidos transpirables, como el yute o el esparto, permiten que los pies respiren y se mantengan frescos durante los d\u00edas calurosos. Esta caracter\u00edstica es fundamental para evitar la incomodidad y el sudor, convirtiendo a las cu\u00f1as en el calzado predilecto para largas jornadas estivales.<\/p>\n<p>La amplitud de estilos y colores disponible en cu\u00f1as las convierte en una opci\u00f3n muy atractiva para cualquier estilo personal. Desde modelos minimalistas en tonos neutros hasta dise\u00f1os llamativos con estampados y detalles, las cu\u00f1as ofrecen una amplia variedad para adaptarse a cada preferencia. Adem\u00e1s, la altura de la cu\u00f1a permite obtener un extra de elegancia sin sacrificar la comodidad.<\/p>\n<p>En resumen, las cu\u00f1as re\u00fanen una combinaci\u00f3n \u00fanica de comodidad, frescura y estilo que las posiciona como el calzado ideal para el verano. Ya sea para un paseo por la playa o una cena al aire libre, las cu\u00f1as son la elecci\u00f3n perfecta para disfrutar del verano con estilo y sin renunciar al confort.<\/p>\n<h2><span class=\"ez-toc-section\" id=\"Consejos_para_elegir_las_cunas_de_verano_perfectas\"><\/span>Consejos para elegir las cu\u00f1as de verano perfectas<span class=\"ez-toc-section-end\"><\/span><\/h2>\n<p>Para elegir las cu\u00f1as de verano perfectas, es importante tener en cuenta varios aspectos que te ayudar\u00e1n a encontrar el par ideal para lucir durante la temporada estival. Las cu\u00f1as de verano son un calzado vers\u00e1til que combina comodidad y estilo, ideal para diversas ocasiones, desde salidas informales hasta eventos m\u00e1s formales. Aqu\u00ed te brindo una gu\u00eda para seleccionar las cu\u00f1as que se ajusten a tus necesidades y gustos.<\/p>\n<h3><span class=\"ez-toc-section\" id=\"Altura_y_comodidad\"><\/span>Altura y comodidad<span class=\"ez-toc-section-end\"><\/span><\/h3>\n<p>Es importante considerar la altura del tac\u00f3n de las cu\u00f1as, ya que influye en la comodidad y en la forma en que te sentir\u00e1s al caminar. Si buscas comodidad para un uso prolongado, las cu\u00f1as con una altura moderada son una excelente opci\u00f3n. Asimismo, presta atenci\u00f3n a la plataforma delantera, ya que puede proporcionar mayor estabilidad y confort al caminar.<\/p>\n<h3><span class=\"ez-toc-section\" id=\"Materiales_y_estilo\"><\/span>Materiales y estilo<span class=\"ez-toc-section-end\"><\/span><\/h3>\n<p>Los materiales de fabricaci\u00f3n de las cu\u00f1as de verano pueden variar desde el esparto y el yute hasta el cuero o materiales sint\u00e9ticos. Considera el estilo que mejor se adapte a tu gusto personal y a tu vestuario. Las cu\u00f1as de esparto son una opci\u00f3n cl\u00e1sica y atemporal, mientras que las de cuero o materiales sint\u00e9ticos pueden ofrecer un aspecto m\u00e1s elegante y formal.<\/p>\n<h3><span class=\"ez-toc-section\" id=\"Versatilidad_y_tendencia\"><\/span>Versatilidad y tendencia<span class=\"ez-toc-section-end\"><\/span><\/h3>\n<p>Piensa en la versatilidad de las cu\u00f1as, ya que podr\u00e1s combinarlas con distintos outfits, desde vestidos vaporosos hasta jeans ajustados. Adem\u00e1s, mantente al tanto de las tendencias actuales para asegurarte de elegir un dise\u00f1o moderno y a la moda que te permita destacar en cualquier ocasi\u00f3n.<\/p>\n<p>Recuerda que la elecci\u00f3n de las cu\u00f1as de verano perfectas depende de tus preferencias personales y del uso que planees darles. Con estos consejos, estar\u00e1s mejor preparada para encontrar el par ideal que a\u00f1ada estilo y comodidad a tus looks veraniegos.<\/p>\n<p><b>Palabras clave principales:<\/b> cu\u00f1as verano mujer, cu\u00f1as de verano, cu\u00f1as mujer<br \/>\n<b>Palabras clave secundarias:<\/b> altura de tac\u00f3n, materiales de fabricaci\u00f3n, estilo de cu\u00f1as, tendencias de moda.<br \/>\n<b>Long tail:<\/b> c\u00f3mo elegir cu\u00f1as de verano, consejos para cu\u00f1as verano, cu\u00f1as c\u00f3modas para mujer.[ppgbo category=\u00bb99&#8243; counter=\u00bb6&#8243;]<\/p>\n<h2><span class=\"ez-toc-section\" id=\"Los_mejores_estilos_de_cunas_para_lucir_en_el_verano\"><\/span>Los mejores estilos de cu\u00f1as para lucir en el verano<span class=\"ez-toc-section-end\"><\/span><\/h2>\n<p>Los mejores estilos de cu\u00f1as para lucir en el verano<\/p>\n<p>Si est\u00e1s buscando ese toque de elegancia y comodidad para tus looks de verano, las cu\u00f1as son una opci\u00f3n que no puedes pasar por alto. En esta temporada, las cu\u00f1as se convierten en el aliado perfecto para realzar tu estilo con un toque fresco y chic. Desde las cl\u00e1sicas cu\u00f1as de esparto hasta las modernas cu\u00f1as de plataforma, hay una amplia variedad de estilos para lucir durante los d\u00edas c\u00e1lidos del verano.<\/p>\n<p>[aib_post_related url=&#8217;\/blog\/alpargatas-esparto\/&#8217; title=&#8217;Descubre las \u00faltimas tendencias en alpargatas de esparto&#8217; relatedtext=&#8217;Quiz\u00e1s tambi\u00e9n te interese:&#8217;]<\/p>\n<h3><span class=\"ez-toc-section\" id=\"1_Cunas_de_esparto\"><\/span>1. Cu\u00f1as de esparto<span class=\"ez-toc-section-end\"><\/span><\/h3>\n<p>Las cu\u00f1as de esparto son un cl\u00e1sico atemporal que nunca pasa de moda. Este estilo es perfecto para crear looks casuales y relajados. Confeccionadas en materiales naturales como el yute y la tela, estas cu\u00f1as aportan un toque bohemio y fresco a cualquier outfit veraniego. Adem\u00e1s, son ideales para combinar con vestidos vaporosos, faldas o shorts.<\/p>\n<h3><span class=\"ez-toc-section\" id=\"2_Cunas_de_plataforma\"><\/span>2. Cu\u00f1as de plataforma<span class=\"ez-toc-section-end\"><\/span><\/h3>\n<p>Si buscas ganar altura sin sacrificar la comodidad, las cu\u00f1as de plataforma son la elecci\u00f3n ideal. Estas cu\u00f1as ofrecen un estilo m\u00e1s moderno y vanguardista, permiti\u00e9ndote lucir una silueta estilizada y elegante. Adem\u00e1s, son vers\u00e1tiles y combinan a la perfecci\u00f3n con una amplia gama de prendas, desde pantalones hasta vestidos.<\/p>\n<p>[aib_post_related url=&#8217;\/blog\/alpargatas-ninas\/&#8217; title=&#8217;Descubre los mejores estilos de alpargatas para ni\u00f1as este verano&#8217; relatedtext=&#8217;Quiz\u00e1s tambi\u00e9n te interese:&#8217;]<\/p>\n<h3><span class=\"ez-toc-section\" id=\"3_Cunas_de_tiras\"><\/span>3. Cu\u00f1as de tiras<span class=\"ez-toc-section-end\"><\/span><\/h3>\n<p>Las cu\u00f1as de tiras son una opci\u00f3n sofisticada y femenina que a\u00f1ade un toque de glamour a cualquier conjunto veraniego. Con dise\u00f1os que envuelven el tobillo o se entrelazan en distintas direcciones, estas cu\u00f1as son una opci\u00f3n elegante y vers\u00e1til que combina a la perfecci\u00f3n con vestidos de verano o conjuntos m\u00e1s formales.<\/p>\n<p>No cabe duda de que las cu\u00f1as son un calzado imprescindible para la temporada estival. Con una amplia variedad de estilos y opciones, podr\u00e1s encontrar la cu\u00f1a perfecta para complementar tu estilo personal y destacar en cualquier ocasi\u00f3n veraniega.[aib_post_related url=&#8217;\/blog\/alpargatas-cuna-beige\/&#8217; title=&#8217;Descubre las mejores alpargatas cu\u00f1a beige para lucir a la moda&#8217; relatedtext=&#8217;Quiz\u00e1s tambi\u00e9n te interese:&#8217;]<\/p>\n<h2><span class=\"ez-toc-section\" id=\"Combinaciones_de_moda_como_llevar_las_cunas_este_verano\"><\/span>Combinaciones de moda: c\u00f3mo llevar las cu\u00f1as este verano<span class=\"ez-toc-section-end\"><\/span><\/h2>\n<p>Las cu\u00f1as son un elemento clave en el guardarropa de cualquier mujer durante la temporada de verano. No solo proporcionan comodidad, sino que tambi\u00e9n agregan un toque de estilo a cualquier atuendo. En este art\u00edculo, exploraremos las diversas maneras de llevar las cu\u00f1as de moda este verano, brindando inspiraci\u00f3n para diferentes combinaciones que se adapten a diferentes preferencias y ocasiones.<\/p>\n<p>Al seleccionar las cu\u00f1as perfectas para el verano, es importante considerar no solo el dise\u00f1o y el color que complementen tu estilo personal, sino tambi\u00e9n su comodidad y versatilidad. Optar por cu\u00f1as en tonos neutros como beige o blanco te permitir\u00e1 combinarlas f\u00e1cilmente con una amplia gama de conjuntos, desde vestidos sueltos hasta shorts y blusas.<\/p>\n<p>Para un look casual de verano, puedes optar por combinar unas cu\u00f1as con unos vaqueros ajustados y una camiseta sencilla. Este conjunto es ideal para pasear por la ciudad o disfrutar de una tarde con amigos. Adem\u00e1s, las cu\u00f1as tambi\u00e9n pueden elevar instant\u00e1neamente el aspecto de un vestido veraniego, a\u00f1adiendo un toque de elegancia a tus outfits para eventos de d\u00eda o incluso para una cita rom\u00e1ntica al atardecer.<\/p>\n<p>En cuanto a las combinaciones de colores, las cu\u00f1as en tonos met\u00e1licos como oro o plata pueden aportar un toque audaz y moderno a tus conjuntos de verano, mientras que las cu\u00f1as en tonos pasteles son perfectas para crear looks suaves y femeninos.<\/p>\n<p>En resumen, llevar cu\u00f1as este verano te ofrece la oportunidad de experimentar con diferentes estilos y looks. Desde conjuntos casuales hasta looks m\u00e1s sofisticados, las cu\u00f1as se adaptan perfectamente a diversas ocasiones y estilos personales, convirti\u00e9ndolas en un imprescindible para la temporada estival.[ppgbo category=\u00bb99&#8243; counter=\u00bb6&#8243;]<\/p>\n<h2><span class=\"ez-toc-section\" id=\"%C2%BFDonde_comprar_las_mejores_cunas_de_verano_para_mujer\"><\/span>\u00bfD\u00f3nde comprar las mejores cu\u00f1as de verano para mujer?<span class=\"ez-toc-section-end\"><\/span><\/h2>\n<p><span>Si est\u00e1s buscando las mejores cu\u00f1as de verano para mujer, has llegado al lugar indicado. En este art\u00edculo te proporcionar\u00e9 informaci\u00f3n detallada sobre las opciones de compra disponibles y las caracter\u00edsticas clave que debes considerar al elegir tus cu\u00f1as perfectas para lucir en la temporada estival. Las cu\u00f1as son un calzado vers\u00e1til y elegante que complementar\u00e1 perfectamente tus looks veraniegos, por lo que es crucial encontrar el par ideal que combine estilo y comodidad.<\/span><\/p>\n","protected":false},"excerpt":{"rendered":"<p>[ppgbo category=\u00bb99&#8243; counter=\u00bb6&#8243;] \u00bfPor qu\u00e9 las cu\u00f1as son el calzado ideal para el verano? Llega el verano y con \u00e9l, la b\u00fasqueda del calzado perfecto para disfrutar de la temporada estival. Entre todas las opciones, las cu\u00f1as emergen como un imprescindible, conquistando el podio del calzado ideal para la \u00e9poca estival. \u00bfPero cu\u00e1l es el&hellip;<\/p>\n","protected":false},"author":4,"featured_media":0,"comment_status":"","ping_status":"open","sticky":false,"template":"","format":"standard","meta":{"footnotes":""},"categories":[449],"tags":[],"_links":{"self":[{"href":"https:\/\/www.calzadospayma.com\/blog\/wp-json\/wp\/v2\/posts\/2594"}],"collection":[{"href":"https:\/\/www.calzadospayma.com\/blog\/wp-json\/wp\/v2\/posts"}],"about":[{"href":"https:\/\/www.calzadospayma.com\/blog\/wp-json\/wp\/v2\/types\/post"}],"author":[{"embeddable":true,"href":"https:\/\/www.calzadospayma.com\/blog\/wp-json\/wp\/v2\/users\/4"}],"replies":[{"embeddable":true,"href":"https:\/\/www.calzadospayma.com\/blog\/wp-json\/wp\/v2\/comments?post=2594"}],"version-history":[{"count":0,"href":"https:\/\/www.calzadospayma.com\/blog\/wp-json\/wp\/v2\/posts\/2594\/revisions"}],"wp:attachment":[{"href":"https:\/\/www.calzadospayma.com\/blog\/wp-json\/wp\/v2\/media?parent=2594"}],"wp:term":[{"taxonomy":"category","embeddable":true,"href":"https:\/\/www.calzadospayma.com\/blog\/wp-json\/wp\/v2\/categories?post=2594"},{"taxonomy":"post_tag","embeddable":true,"href":"https:\/\/www.calzadospayma.com\/blog\/wp-json\/wp\/v2\/tags?post=2594"}],"curies":[{"name":"wp","href":"https:\/\/api.w.org\/{rel}","templated":true}]}}