{"id":2665,"date":"2024-03-25T00:10:20","date_gmt":"2024-03-24T23:10:20","guid":{"rendered":"https:\/\/www.calzadospayma.com\/blog\/espartenas-cuna-media\/"},"modified":"2024-03-25T00:10:20","modified_gmt":"2024-03-24T23:10:20","slug":"espartenas-cuna-media","status":"publish","type":"post","link":"https:\/\/www.calzadospayma.com\/blog\/espartenas-cuna-media\/","title":{"rendered":"Descubre las esparte\u00f1as con cu\u00f1a perfectas para un look trendy"},"content":{"rendered":"<p>[ppgbo category=\u00bb99&#8243; counter=\u00bb6&#8243;]<\/p><div id=\"ez-toc-container\" class=\"ez-toc-v2_0_82_2 counter-hierarchy ez-toc-counter ez-toc-grey ez-toc-container-direction\">\n<div class=\"ez-toc-title-container\">\n<p class=\"ez-toc-title\" style=\"cursor:inherit\">\u00bfQu\u00e9 vas a encontrar aqu\u00ed?<\/p>\n<span class=\"ez-toc-title-toggle\"><a href=\"#\" class=\"ez-toc-pull-right ez-toc-btn ez-toc-btn-xs ez-toc-btn-default ez-toc-toggle\" aria-label=\"Alternar tabla de contenidos\"><span class=\"ez-toc-js-icon-con\"><span class=\"\"><span class=\"eztoc-hide\" style=\"display:none;\">Toggle<\/span><span class=\"ez-toc-icon-toggle-span\"><svg style=\"fill: #999;color:#999\" xmlns=\"http:\/\/www.w3.org\/2000\/svg\" class=\"list-377408\" width=\"20px\" height=\"20px\" viewBox=\"0 0 24 24\" fill=\"none\"><path d=\"M6 6H4v2h2V6zm14 0H8v2h12V6zM4 11h2v2H4v-2zm16 0H8v2h12v-2zM4 16h2v2H4v-2zm16 0H8v2h12v-2z\" fill=\"currentColor\"><\/path><\/svg><svg style=\"fill: #999;color:#999\" class=\"arrow-unsorted-368013\" xmlns=\"http:\/\/www.w3.org\/2000\/svg\" width=\"10px\" height=\"10px\" viewBox=\"0 0 24 24\" version=\"1.2\" baseProfile=\"tiny\"><path d=\"M18.2 9.3l-6.2-6.3-6.2 6.3c-.2.2-.3.4-.3.7s.1.5.3.7c.2.2.4.3.7.3h11c.3 0 .5-.1.7-.3.2-.2.3-.5.3-.7s-.1-.5-.3-.7zM5.8 14.7l6.2 6.3 6.2-6.3c.2-.2.3-.5.3-.7s-.1-.5-.3-.7c-.2-.2-.4-.3-.7-.3h-11c-.3 0-.5.1-.7.3-.2.2-.3.5-.3.7s.1.5.3.7z\"\/><\/svg><\/span><\/span><\/span><\/a><\/span><\/div>\n<nav><ul class='ez-toc-list ez-toc-list-level-1 ' ><li class='ez-toc-page-1 ez-toc-heading-level-2'><a class=\"ez-toc-link ez-toc-heading-1\" href=\"https:\/\/www.calzadospayma.com\/blog\/espartenas-cuna-media\/#Descubre_las_espartenas_con_cuna_de_altura_media_que_son_tendencia_esta_temporada\" >Descubre las esparte\u00f1as con cu\u00f1a de altura media que son tendencia esta temporada<\/a><\/li><li class='ez-toc-page-1 ez-toc-heading-level-2'><a class=\"ez-toc-link ez-toc-heading-2\" href=\"https:\/\/www.calzadospayma.com\/blog\/espartenas-cuna-media\/#Conoce_las_ventajas_de_las_espartenas_con_cuna_de_altura_media_para_tus_looks_de_verano\" >Conoce las ventajas de las esparte\u00f1as con cu\u00f1a de altura media para tus looks de verano<\/a><\/li><li class='ez-toc-page-1 ez-toc-heading-level-2'><a class=\"ez-toc-link ez-toc-heading-3\" href=\"https:\/\/www.calzadospayma.com\/blog\/espartenas-cuna-media\/#Encuentra_las_mejores_opciones_de_espartenas_con_cuna_de_altura_media_para_lucir_con_estilo\" >Encuentra las mejores opciones de esparte\u00f1as con cu\u00f1a de altura media para lucir con estilo<\/a><\/li><li class='ez-toc-page-1 ez-toc-heading-level-2'><a class=\"ez-toc-link ez-toc-heading-4\" href=\"https:\/\/www.calzadospayma.com\/blog\/espartenas-cuna-media\/#Aprende_a_combinar_las_espartenas_con_cuna_de_altura_media_para_looks_frescos_y_modernos\" >Aprende a combinar las esparte\u00f1as con cu\u00f1a de altura media para looks frescos y modernos<\/a><\/li><li class='ez-toc-page-1 ez-toc-heading-level-2'><a class=\"ez-toc-link ez-toc-heading-5\" href=\"https:\/\/www.calzadospayma.com\/blog\/espartenas-cuna-media\/#Las_espartenas_con_cuna_de_altura_media_la_opcion_perfecta_para_comodidad_y_estilo_en_tus_outfits_de_verano\" >Las esparte\u00f1as con cu\u00f1a de altura media: la opci\u00f3n perfecta para comodidad y estilo en tus outfits de verano<\/a><ul class='ez-toc-list-level-3' ><li class='ez-toc-heading-level-3'><a class=\"ez-toc-link ez-toc-heading-6\" href=\"https:\/\/www.calzadospayma.com\/blog\/espartenas-cuna-media\/#Caracteristicas_destacadas\" >Caracter\u00edsticas destacadas<\/a><\/li><\/ul><\/li><\/ul><\/nav><\/div>\n\n<h2><span class=\"ez-toc-section\" id=\"Descubre_las_espartenas_con_cuna_de_altura_media_que_son_tendencia_esta_temporada\"><\/span>Descubre las esparte\u00f1as con cu\u00f1a de altura media que son tendencia esta temporada<span class=\"ez-toc-section-end\"><\/span><\/h2>\n<p>Para esta temporada, las esparte\u00f1as con cu\u00f1a de altura media se han convertido en un imprescindible en el armario de cualquier amante de la moda. Estos vers\u00e1tiles y c\u00f3modos zapatos combinan a la perfecci\u00f3n estilo y funcionalidad, ofreciendo el toque perfecto para lucir un look casual y fresco durante los meses c\u00e1lidos.<\/p>\n<p>Las esparte\u00f1as con cu\u00f1a de altura media se han convertido en un calzado imprescindible para quienes buscan combinar estilo y comodidad. Este tipo de calzado es ideal para aquellas personas que desean lucir a la moda sin sacrificar la comodidad, ya que la cu\u00f1a de altura media proporciona un soporte \u00f3ptimo para caminar durante largos periodos de tiempo.<\/p>\n<p>Cuando se trata de tendencias de moda, las esparte\u00f1as con cu\u00f1a de altura media ocupan un lugar destacado. Su versatilidad las convierte en el complemento ideal para diferentes estilos de vestimenta, desde un atuendo casual hasta un look m\u00e1s sofisticado. Adem\u00e1s, su dise\u00f1o atemporal garantiza que puedan ser utilizadas temporada tras temporada, convirti\u00e9ndolas en una inversi\u00f3n duradera para cualquier guardarropa.<\/p>\n<p>Si est\u00e1s buscando a\u00f1adir un toque fresco y veraniego a tu colecci\u00f3n de calzado, las esparte\u00f1as con cu\u00f1a de altura media son una excelente elecci\u00f3n. Su popularidad en la moda actual las posiciona como una opci\u00f3n atractiva para aquellos que desean seguir las tendencias sin renunciar a la comodidad y la practicidad.<\/p>\n<p>No dudes en explorar las opciones disponibles en Calzados Payma, donde podr\u00e1s encontrar una amplia selecci\u00f3n de esparte\u00f1as con cu\u00f1a de altura media que se ajustar\u00e1n perfectamente a tus necesidades de estilo y confort. \u00a1Descubre c\u00f3mo estos elegantes zapatos pueden elevar cualquier conjunto con un toque de frescura y distinci\u00f3n![aib_post_related url=&#8217;\/blog\/alpargata-cordones\/&#8217; title=&#8217;Alpargatas de moda con cordones: tendencia en calzado primaveral&#8217; relatedtext=&#8217;Quiz\u00e1s tambi\u00e9n te interese:&#8217;]<\/p>\n<p>\u00a1Prep\u00e1rate para descubrir c\u00f3mo las esparte\u00f1as con cu\u00f1a de altura media pueden transformar por completo tus looks de verano!<\/p>\n<h2><span class=\"ez-toc-section\" id=\"Conoce_las_ventajas_de_las_espartenas_con_cuna_de_altura_media_para_tus_looks_de_verano\"><\/span>Conoce las ventajas de las esparte\u00f1as con cu\u00f1a de altura media para tus looks de verano<span class=\"ez-toc-section-end\"><\/span><\/h2>\n<p>Las esparte\u00f1as con cu\u00f1a de altura media son el calzado perfecto para a\u00f1adir un toque de estilo a cualquier outfit veraniego. Su dise\u00f1o vers\u00e1til y c\u00f3modo las convierte en una opci\u00f3n imprescindible para aquellas que desean un calzado que combine moda y funcionalidad.<\/p>\n<p>La principal ventaja de estas esparte\u00f1as radica en su cu\u00f1a de altura media, que proporciona la elevaci\u00f3n justa para estilizar la figura sin sacrificar la comodidad. Este tipo de cu\u00f1a es ideal para caminar largas distancias o disfrutar de largas jornadas al aire libre, sin renunciar a la elegancia.<\/p>\n<p>    [aib_post_related url=&#8217;\/blog\/alpargata-dorada\/&#8217; title=&#8217;Descubre las \u00faltimas tendencias en alpargatas doradas para lucir con estilo this summer&#8217; relatedtext=&#8217;Quiz\u00e1s tambi\u00e9n te interese:&#8217;]<\/p>\n<p>Adem\u00e1s, las esparte\u00f1as con cu\u00f1a de altura media ofrecen una gran variedad de estilos y colores, lo que te permite encontrar la opci\u00f3n perfecta para complementar cualquier atuendo veraniego. Ya sea que prefieras tonos neutros o vibrantes, seguro encontrar\u00e1s el par ideal para realzar tu estilo personal.<\/p>\n<p>[ppgbo category=\u00bb99&#8243; counter=\u00bb6&#8243;]<\/p>\n<h2><span class=\"ez-toc-section\" id=\"Encuentra_las_mejores_opciones_de_espartenas_con_cuna_de_altura_media_para_lucir_con_estilo\"><\/span>Encuentra las mejores opciones de esparte\u00f1as con cu\u00f1a de altura media para lucir con estilo<span class=\"ez-toc-section-end\"><\/span><\/h2>\n<p>Para encontrar las mejores opciones de esparte\u00f1as con cu\u00f1a de altura media y lucir con estilo, es importante considerar diversas caracter\u00edsticas que se ajusten a tus preferencias y necesidades. Estos vers\u00e1tiles zapatos son ideales para a\u00f1adir un toque casual pero elegante a cualquier outfit de primavera o verano. Ya sea para pasear por la ciudad, salir a comer con amigos o disfrutar de un d\u00eda soleado, las esparte\u00f1as de cu\u00f1a media son definitivamente una opci\u00f3n a tener en cuenta.<\/p>\n<p>A la hora de seleccionar unas esparte\u00f1as con cu\u00f1a de altura media, es fundamental tener en cuenta aspectos tales como el material, el dise\u00f1o, la comodidad y la calidad. Buscar una cu\u00f1a de altura media te permitir\u00e1 ganar unos cent\u00edmetros de altura sin sacrificar la comodidad, lo que las convierte en una opci\u00f3n perfecta para un d\u00eda activo sin renunciar al estilo.<\/p>\n<p>Algunas marcas ofrecen dise\u00f1os con detalles atractivos como lazos decorativos, tiras trenzadas, estampados llamativos o tonos neutros que se adaptan a diferentes estilos personales. Es importante tambi\u00e9n considerar la fabricaci\u00f3n y materiales resistentes que aseguren durabilidad y confort.<\/p>\n<p>Al seleccionar tus esparte\u00f1as con cu\u00f1a de altura media, es recomendable buscar aquellas que se ajusten a tus necesidades individuales, ya sea mediante una suela acolchada, correas ajustables o acabados de alta calidad. Adem\u00e1s, es indispensable tener en cuenta la versatilidad del calzado, permiti\u00e9ndote combinarlo con distintos atuendos para diversas ocasiones.<\/p>\n<p>Por tanto, al buscar las mejores opciones de esparte\u00f1as con cu\u00f1a de altura media, es crucial considerar la calidad, el dise\u00f1o, la comodidad y la versatilidad para encontrar el par perfecto que se ajuste a tu estilo y te permita disfrutar de cada paso con confianza.<\/p>\n<p>\u00bfQuieres saber c\u00f3mo lucir fresca y moderna con esparte\u00f1as de cu\u00f1a media? Sigue leyendo para descubrir las mejores combinaciones y consejos para lograr un look espectacular.<\/p>\n<h2><span class=\"ez-toc-section\" id=\"Aprende_a_combinar_las_espartenas_con_cuna_de_altura_media_para_looks_frescos_y_modernos\"><\/span>Aprende a combinar las esparte\u00f1as con cu\u00f1a de altura media para looks frescos y modernos<span class=\"ez-toc-section-end\"><\/span><\/h2>\n<p>Las esparte\u00f1as con cu\u00f1a de altura media son el calzado perfecto para lucir un estilo casual y a la vez elegante. Esta combinaci\u00f3n ofrece comodidad y estilo, siendo ideal para diversas ocasiones, desde salidas informales hasta reuniones con amigos. Para lograr looks frescos y modernos, es crucial conocer c\u00f3mo combinar este tipo de calzado de forma adecuada.<\/p>\n<p>Una opci\u00f3n popular es combinar las esparte\u00f1as de cu\u00f1a media con vestidos o faldas vaporosas para un estilo veraniego y femenino. La cu\u00f1a media proporciona altura y estiliza la figura, mientras que las esparte\u00f1as aportan un toque desenfadado y chic a cualquier atuendo.<\/p>\n<p>    [aib_post_related url=&#8217;\/blog\/cunas-bajitas\/&#8217; title=&#8217;Descubre las tendencias en cu\u00f1as bajitas para un estilo moderno y c\u00f3modo&#8217; relatedtext=&#8217;Quiz\u00e1s tambi\u00e9n te interese:&#8217;]<\/p>\n<p>Otra forma de lucir esparte\u00f1as con cu\u00f1a de altura media es combin\u00e1ndolas con pantalones anchos o vaqueros. Este look es perfecto para un d\u00eda relajado y casual, aportando un aire bohemio y moderno a tu estilo. Adem\u00e1s, puedes jugar con diferentes colores y estampados para crear combinaciones \u00fanicas y personalizadas.<\/p>\n<p>Recuerda que la clave para lucir las esparte\u00f1as con cu\u00f1a de altura media es sentirte c\u00f3moda y segura con tu elecci\u00f3n. No tengas miedo de experimentar con diferentes prendas y accesorios para descubrir tu propio estilo \u00fanico.<\/p>\n<p>\u00bfTe gustar\u00eda descubrir el secreto para lucir fant\u00e1stica y sentirte c\u00f3moda durante el verano? Las esparte\u00f1as con cu\u00f1a de altura media pueden ser la elecci\u00f3n ideal para transformar tus outfits estivales en expresiones de estilo y confort sin igual.<\/p>\n<p>[ppgbo category=\u00bb99&#8243; counter=\u00bb6&#8243;]<\/p>\n<h2><span class=\"ez-toc-section\" id=\"Las_espartenas_con_cuna_de_altura_media_la_opcion_perfecta_para_comodidad_y_estilo_en_tus_outfits_de_verano\"><\/span>Las esparte\u00f1as con cu\u00f1a de altura media: la opci\u00f3n perfecta para comodidad y estilo en tus outfits de verano<span class=\"ez-toc-section-end\"><\/span><\/h2>\n<p>Las esparte\u00f1as con cu\u00f1a de altura media son el calzado perfecto para aquellas personas que buscan un equilibrio entre elegancia y comodidad. Gracias a su dise\u00f1o, ofrecen un soporte estable que permite disfrutar de largas jornadas sin renunciar al estilo.<\/p>\n<h3><span class=\"ez-toc-section\" id=\"Caracteristicas_destacadas\"><\/span>Caracter\u00edsticas destacadas<span class=\"ez-toc-section-end\"><\/span><\/h3>\n<ul>\n<li>Altura de la cu\u00f1a que proporciona una elevaci\u00f3n moderada sin comprometer la estabilidad.<\/li>\n<li>Materiales transpirables que favorecen la ventilaci\u00f3n, ideal para climas c\u00e1lidos.<\/li>\n<li>Versatilidad para combinar con distintos estilos de ropa, desde looks casuales hasta atuendos m\u00e1s formales.<\/li>\n<\/ul>\n<p>Adem\u00e1s, las esparte\u00f1as con cu\u00f1a de altura media son una opci\u00f3n vers\u00e1til que se adapta a diversas situaciones, ya sea para pasear por la ciudad, disfrutar de una tarde en la playa o incluso para eventos al aire libre. Su dise\u00f1o estilizado y a la moda las convierte en un b\u00e1sico imprescindible para cualquier amante de la moda veraniega.<\/p>\n<p>En conclusi\u00f3n, si buscas la combinaci\u00f3n perfecta entre comodidad y estilo para tus outfits de verano, las esparte\u00f1as con cu\u00f1a de altura media son una elecci\u00f3n acertada que te acompa\u00f1ar\u00e1 a lo largo de la temporada estival, manteni\u00e9ndote a la vanguardia de la moda sin sacrificar la comodidad.<\/p>\n","protected":false},"excerpt":{"rendered":"<p>[ppgbo category=\u00bb99&#8243; counter=\u00bb6&#8243;] Descubre las esparte\u00f1as con cu\u00f1a de altura media que son tendencia esta temporada Para esta temporada, las esparte\u00f1as con cu\u00f1a de altura media se han convertido en un imprescindible en el armario de cualquier amante de la moda. Estos vers\u00e1tiles y c\u00f3modos zapatos combinan a la perfecci\u00f3n estilo y funcionalidad, ofreciendo el&hellip;<\/p>\n","protected":false},"author":4,"featured_media":0,"comment_status":"","ping_status":"open","sticky":false,"template":"","format":"standard","meta":{"footnotes":""},"categories":[449],"tags":[],"_links":{"self":[{"href":"https:\/\/www.calzadospayma.com\/blog\/wp-json\/wp\/v2\/posts\/2665"}],"collection":[{"href":"https:\/\/www.calzadospayma.com\/blog\/wp-json\/wp\/v2\/posts"}],"about":[{"href":"https:\/\/www.calzadospayma.com\/blog\/wp-json\/wp\/v2\/types\/post"}],"author":[{"embeddable":true,"href":"https:\/\/www.calzadospayma.com\/blog\/wp-json\/wp\/v2\/users\/4"}],"replies":[{"embeddable":true,"href":"https:\/\/www.calzadospayma.com\/blog\/wp-json\/wp\/v2\/comments?post=2665"}],"version-history":[{"count":0,"href":"https:\/\/www.calzadospayma.com\/blog\/wp-json\/wp\/v2\/posts\/2665\/revisions"}],"wp:attachment":[{"href":"https:\/\/www.calzadospayma.com\/blog\/wp-json\/wp\/v2\/media?parent=2665"}],"wp:term":[{"taxonomy":"category","embeddable":true,"href":"https:\/\/www.calzadospayma.com\/blog\/wp-json\/wp\/v2\/categories?post=2665"},{"taxonomy":"post_tag","embeddable":true,"href":"https:\/\/www.calzadospayma.com\/blog\/wp-json\/wp\/v2\/tags?post=2665"}],"curies":[{"name":"wp","href":"https:\/\/api.w.org\/{rel}","templated":true}]}}