{"id":2688,"date":"2024-03-25T04:26:45","date_gmt":"2024-03-25T03:26:45","guid":{"rendered":"https:\/\/www.calzadospayma.com\/blog\/espartenas-nina-flamenca\/"},"modified":"2024-03-25T04:26:45","modified_gmt":"2024-03-25T03:26:45","slug":"espartenas-nina-flamenca","status":"publish","type":"post","link":"https:\/\/www.calzadospayma.com\/blog\/espartenas-nina-flamenca\/","title":{"rendered":"Esparte\u00f1as ni\u00f1a flamenca: Descubre los modelos m\u00e1s chic y c\u00f3modos"},"content":{"rendered":"<p>[ppgbo category=\u00bb99&#8243; counter=\u00bb6&#8243;]<\/p><div id=\"ez-toc-container\" class=\"ez-toc-v2_0_82_2 counter-hierarchy ez-toc-counter ez-toc-grey ez-toc-container-direction\">\n<div class=\"ez-toc-title-container\">\n<p class=\"ez-toc-title\" style=\"cursor:inherit\">\u00bfQu\u00e9 vas a encontrar aqu\u00ed?<\/p>\n<span class=\"ez-toc-title-toggle\"><a href=\"#\" class=\"ez-toc-pull-right ez-toc-btn ez-toc-btn-xs ez-toc-btn-default ez-toc-toggle\" aria-label=\"Alternar tabla de contenidos\"><span class=\"ez-toc-js-icon-con\"><span class=\"\"><span class=\"eztoc-hide\" style=\"display:none;\">Toggle<\/span><span class=\"ez-toc-icon-toggle-span\"><svg style=\"fill: #999;color:#999\" xmlns=\"http:\/\/www.w3.org\/2000\/svg\" class=\"list-377408\" width=\"20px\" height=\"20px\" viewBox=\"0 0 24 24\" fill=\"none\"><path d=\"M6 6H4v2h2V6zm14 0H8v2h12V6zM4 11h2v2H4v-2zm16 0H8v2h12v-2zM4 16h2v2H4v-2zm16 0H8v2h12v-2z\" fill=\"currentColor\"><\/path><\/svg><svg style=\"fill: #999;color:#999\" class=\"arrow-unsorted-368013\" xmlns=\"http:\/\/www.w3.org\/2000\/svg\" width=\"10px\" height=\"10px\" viewBox=\"0 0 24 24\" version=\"1.2\" baseProfile=\"tiny\"><path d=\"M18.2 9.3l-6.2-6.3-6.2 6.3c-.2.2-.3.4-.3.7s.1.5.3.7c.2.2.4.3.7.3h11c.3 0 .5-.1.7-.3.2-.2.3-.5.3-.7s-.1-.5-.3-.7zM5.8 14.7l6.2 6.3 6.2-6.3c.2-.2.3-.5.3-.7s-.1-.5-.3-.7c-.2-.2-.4-.3-.7-.3h-11c-.3 0-.5.1-.7.3-.2.2-.3.5-.3.7s.1.5.3.7z\"\/><\/svg><\/span><\/span><\/span><\/a><\/span><\/div>\n<nav><ul class='ez-toc-list ez-toc-list-level-1 ' ><li class='ez-toc-page-1 ez-toc-heading-level-2'><a class=\"ez-toc-link ez-toc-heading-1\" href=\"https:\/\/www.calzadospayma.com\/blog\/espartenas-nina-flamenca\/#Espartenas_Nina_Descubre_los_Modelos_mas_Adorables\" >Esparte\u00f1as Ni\u00f1a: Descubre los Modelos m\u00e1s Adorables<\/a><\/li><li class='ez-toc-page-1 ez-toc-heading-level-2'><a class=\"ez-toc-link ez-toc-heading-2\" href=\"https:\/\/www.calzadospayma.com\/blog\/espartenas-nina-flamenca\/#Espartenas_Nina_Flamenca_La_Tradicion_y_Elegancia_en_Calzado_Infantil\" >Esparte\u00f1as Ni\u00f1a Flamenca: La Tradici\u00f3n y Elegancia en Calzado Infantil<\/a><\/li><li class='ez-toc-page-1 ez-toc-heading-level-2'><a class=\"ez-toc-link ez-toc-heading-3\" href=\"https:\/\/www.calzadospayma.com\/blog\/espartenas-nina-flamenca\/#Espartenas_Nina_Flamenca_Consejos_para_Elegir_el_Talla_y_Estilo_Adecuado\" >Esparte\u00f1as Ni\u00f1a Flamenca: Consejos para Elegir el Talla y Estilo Adecuado<\/a><ul class='ez-toc-list-level-3' ><li class='ez-toc-heading-level-3'><a class=\"ez-toc-link ez-toc-heading-4\" href=\"https:\/\/www.calzadospayma.com\/blog\/espartenas-nina-flamenca\/#Consejos_para_Elegir_la_Talla\" >Consejos para Elegir la Talla<\/a><\/li><li class='ez-toc-page-1 ez-toc-heading-level-3'><a class=\"ez-toc-link ez-toc-heading-5\" href=\"https:\/\/www.calzadospayma.com\/blog\/espartenas-nina-flamenca\/#Consejos_para_Elegir_el_Estilo\" >Consejos para Elegir el Estilo<\/a><\/li><\/ul><\/li><li class='ez-toc-page-1 ez-toc-heading-level-2'><a class=\"ez-toc-link ez-toc-heading-6\" href=\"https:\/\/www.calzadospayma.com\/blog\/espartenas-nina-flamenca\/#Espartenas_Nina_Flamenca_Donde_Comprar_la_Mejor_Calidad_al_Mejor_Precio\" >Esparte\u00f1as Ni\u00f1a Flamenca: D\u00f3nde Comprar la Mejor Calidad al Mejor Precio<\/a><\/li><li class='ez-toc-page-1 ez-toc-heading-level-2'><a class=\"ez-toc-link ez-toc-heading-7\" href=\"https:\/\/www.calzadospayma.com\/blog\/espartenas-nina-flamenca\/#Espartenas_Nina_Flamenca_Como_Cuidar_y_Mantener_el_Calzado_en_Perfectas_Condiciones\" >Esparte\u00f1as Ni\u00f1a Flamenca: C\u00f3mo Cuidar y Mantener el Calzado en Perfectas Condiciones<\/a><\/li><\/ul><\/nav><\/div>\n\n<h2><span class=\"ez-toc-section\" id=\"Espartenas_Nina_Descubre_los_Modelos_mas_Adorables\"><\/span>Esparte\u00f1as Ni\u00f1a: Descubre los Modelos m\u00e1s Adorables<span class=\"ez-toc-section-end\"><\/span><\/h2>\n<p>Para las peque\u00f1as amantes del flamenco, las esparte\u00f1as ni\u00f1a son el complemento perfecto para lucir elegantes y a la moda durante las fiestas y celebraciones. Estos zapatos artesanales, confeccionados con esparto y otros materiales naturales, destacan por su comodidad y dise\u00f1o tradicional. En Calzados Payma, encontrar\u00e1s una amplia gama de modelos que har\u00e1n que tu hija luzca adorable y aut\u00e9ntica en cualquier ocasi\u00f3n.<\/p>\n<p>Las esparte\u00f1as ni\u00f1a destacan por sus dise\u00f1os detallados y colores vibrantes, perfectos para complementar los trajes de flamenca o para usar en eventos informales. En nuestra colecci\u00f3n, encontrar\u00e1s desde modelos cl\u00e1sicos con detalles florales hasta opciones m\u00e1s modernas con lazos y cintas. Todos los dise\u00f1os est\u00e1n pensados para brindar confort y estilo a las m\u00e1s peque\u00f1as de la casa, sin descuidar la esencia tradicional de este calzado artesanal.<\/p>\n<p>Adem\u00e1s de su aspecto encantador, las esparte\u00f1as ni\u00f1a de Calzados Payma est\u00e1n fabricadas con materiales de alta calidad que garantizan durabilidad y resistencia. Los detalles artesanales y la cuidadosa confecci\u00f3n hacen que cada par sea \u00fanico y especial, ideal para que tu hija se sienta \u00fanica al lucirlos. En nuestra tienda online o en las tiendas f\u00edsicas de Calzados Payma, podr\u00e1s encontrar el modelo perfecto que se adapte a sus gustos y personalidad, asegur\u00e1ndote de que est\u00e9 lista para brillar en cualquier ocasi\u00f3n.<\/p>\n<p>Explora nuestra colecci\u00f3n de esparte\u00f1as ni\u00f1a y descubre la fusi\u00f3n perfecta entre tradici\u00f3n, comodidad y estilo. Con nuestros modelos, podr\u00e1s asegurarte de que tu hija luzca adorable y aut\u00e9ntica en todas sus aventuras, aportando un toque de elegancia y tradici\u00f3n a su vestuario. Con las esparte\u00f1as ni\u00f1a de Calzados Payma, cada paso que d\u00e9 ser\u00e1 una oportunidad para destacar y brillar con autenticidad y encanto flamenco.<\/p>\n<h2><span class=\"ez-toc-section\" id=\"Espartenas_Nina_Flamenca_La_Tradicion_y_Elegancia_en_Calzado_Infantil\"><\/span>Esparte\u00f1as Ni\u00f1a Flamenca: La Tradici\u00f3n y Elegancia en Calzado Infantil<span class=\"ez-toc-section-end\"><\/span><\/h2>\n<p>Llega la temporada de festivales y celebraciones, y es el momento perfecto para hablar de un calzado ic\u00f3nico: las esparte\u00f1as de ni\u00f1a flamenca. Este tipo de calzado es sin\u00f3nimo de tradici\u00f3n y elegancia en el mundo infantil, con un dise\u00f1o que evoca la esencia del folclore espa\u00f1ol. Las esparte\u00f1as para ni\u00f1a flamenca son el complemento ideal para cualquier atuendo festivo, aportando un toque de autenticidad y estilo.<\/p>\n<p>Las esparte\u00f1as de ni\u00f1a flamenca se han convertido en una opci\u00f3n popular gracias a su comodidad y versatilidad. Confeccionadas con materiales naturales como el esparto y algod\u00f3n, estas zapatillas ofrecen una combinaci\u00f3n \u00fanica de confort y estilo. La artesan\u00eda y el cuidado en cada detalle hacen de las esparte\u00f1as una elecci\u00f3n excepcional para cualquier ocasi\u00f3n especial.<\/p>\n<p>Al buscar esparte\u00f1as ni\u00f1a flamenca, es fundamental considerar la calidad, el dise\u00f1o y la autenticidad del producto. Estos zapatos tradicionales son una verdadera declaraci\u00f3n de estilo, y elegir la opci\u00f3n adecuada garantizar\u00e1 que los m\u00e1s peque\u00f1os luzcan impecables en cada celebraci\u00f3n. Desde modelos cl\u00e1sicos hasta dise\u00f1os m\u00e1s contempor\u00e1neos, las esparte\u00f1as de ni\u00f1a flamenca ofrecen una amplia variedad para satisfacer los gustos m\u00e1s exigentes.<\/p>\n<p>Las esparte\u00f1as ni\u00f1a flamenca son una elecci\u00f3n atemporal que trasciende modas y tendencias, manteniendo viva la esencia del folklore espa\u00f1ol. Con su encanto \u00fanico y su arraigada tradici\u00f3n, estas zapatillas se han ganado un lugar destacado en el armario infantil para cualquier evento festivo. Explorar las opciones disponibles y conocer la historia detr\u00e1s de este emblem\u00e1tico calzado es una experiencia enriquecedora para padres e hijos por igual.<\/p>\n<p>\u00a1Bienvenidos al m\u00e1gico mundo del flamenco para ni\u00f1as! Si est\u00e1s buscando consejos para elegir las esparte\u00f1as perfectas para tu peque\u00f1a bailaora, est\u00e1s en el lugar adecuado. Las esparte\u00f1as para ni\u00f1a flamenca se han convertido en un imprescindible para completar el atuendo emblem\u00e1tico del baile flamenco. Pero, \u00bfc\u00f3mo elegir la talla y estilo adecuado? \u00a1Sigue leyendo para descubrirlo!<\/p>\n<p>[ppgbo category=\u00bb99&#8243; counter=\u00bb6&#8243;]<\/p>\n<h2><span class=\"ez-toc-section\" id=\"Espartenas_Nina_Flamenca_Consejos_para_Elegir_el_Talla_y_Estilo_Adecuado\"><\/span>Esparte\u00f1as Ni\u00f1a Flamenca: Consejos para Elegir el Talla y Estilo Adecuado<span class=\"ez-toc-section-end\"><\/span><\/h2>\n<p>Al buscar las esparte\u00f1as ideales para tu hija, es fundamental tener en cuenta varios aspectos. La comodidad, el estilo y el ajuste adecuado son clave para que disfrute al m\u00e1ximo de su experiencia flamenca. Aqu\u00ed te ofrecemos algunos consejos para que puedas seleccionar el par perfecto para ella:<\/p>\n<p>[aib_post_related url=&#8217;\/blog\/cunas-fucsia-online\/&#8217; title=&#8217;Compra cu\u00f1as fucsia online y deslumbra con este imprescindible de moda&#8217; relatedtext=&#8217;Quiz\u00e1s tambi\u00e9n te interese:&#8217;]<\/p>\n<h3><span class=\"ez-toc-section\" id=\"Consejos_para_Elegir_la_Talla\"><\/span>Consejos para Elegir la Talla<span class=\"ez-toc-section-end\"><\/span><\/h3>\n<ul>\n<li>**Mide sus pies** &#8211; Antes de comprar, aseg\u00farate de medir sus pies con precisi\u00f3n para elegir la talla adecuada.<\/li>\n<li>**Considera el ajuste** &#8211; Ten en cuenta si prefiere un ajuste m\u00e1s ce\u00f1ido o con un poco de holgura. Esto puede influir en la elecci\u00f3n de la talla.<\/li>\n<li>**Presta atenci\u00f3n a las recomendaciones del fabricante** &#8211; Muchas marcas proporcionan gu\u00edas de tallas espec\u00edficas que pueden resultarte \u00fatiles al momento de comprar.<\/li>\n<\/ul>\n<h3><span class=\"ez-toc-section\" id=\"Consejos_para_Elegir_el_Estilo\"><\/span>Consejos para Elegir el Estilo<span class=\"ez-toc-section-end\"><\/span><\/h3>\n<p>[aib_post_related url=&#8217;\/blog\/cunas-esparto-tacon-medio\/&#8217; title=&#8217;Descubre las mejores cu\u00f1as de esparto con tac\u00f3n medio para lucir a la moda&#8217; relatedtext=&#8217;Quiz\u00e1s tambi\u00e9n te interese:&#8217;]<\/p>\n<p>El estilo de las esparte\u00f1as para ni\u00f1a flamenca puede variar seg\u00fan la ocasi\u00f3n y el gusto personal. Algunos aspectos a considerar incluyen:<\/p>\n<ul>\n<li>**Color y dise\u00f1o** &#8211; Las esparte\u00f1as est\u00e1n disponibles en una amplia gama de colores y dise\u00f1os. Piensa en el atuendo flamenco de tu hija y elige un estilo que complemente sus trajes.<\/li>\n<li>**Detalles decorativos** &#8211; Algunas esparte\u00f1as tienen bordados o adornos que les dan un toque especial. Eval\u00faa si quieres un dise\u00f1o m\u00e1s sencillo o con detalles llamativos.<\/li>\n<\/ul>\n<p>[aib_post_related url=&#8217;\/blog\/cunas-boda\/&#8217; title=&#8217;Descubre las cu\u00f1as de boda m\u00e1s elegantes y c\u00f3modas para tu gran d\u00eda&#8217; relatedtext=&#8217;Quiz\u00e1s tambi\u00e9n te interese:&#8217;]<\/p>\n<p>Recuerda que encontrar las esparte\u00f1as ni\u00f1a flamenca perfectas lleva tiempo y paciencia, pero el resultado valdr\u00e1 la pena. La elecci\u00f3n de la talla y estilo adecuado garantizar\u00e1 que tu peque\u00f1a pueda moverse con gracia y confianza en el escenario o en cualquier reuni\u00f3n festiva.<\/p>\n<h2><span class=\"ez-toc-section\" id=\"Espartenas_Nina_Flamenca_Donde_Comprar_la_Mejor_Calidad_al_Mejor_Precio\"><\/span>Esparte\u00f1as Ni\u00f1a Flamenca: D\u00f3nde Comprar la Mejor Calidad al Mejor Precio<span class=\"ez-toc-section-end\"><\/span><\/h2>\n<p><b>Las esparte\u00f1as ni\u00f1a flamenca<\/b> son un calzado tradicional espa\u00f1ol que ha ganado popularidad en los \u00faltimos a\u00f1os gracias a su estilo \u00fanico y versatilidad. Si est\u00e1s buscando el lugar perfecto para adquirir un par de esparte\u00f1as de la mejor calidad al mejor precio, has llegado al art\u00edculo indicado. En este post, encontrar\u00e1s informaci\u00f3n detallada sobre las esparte\u00f1as ni\u00f1a flamenca, sus caracter\u00edsticas, d\u00f3nde comprarlas y consejos para elegir el par ideal para tu peque\u00f1a. Contin\u00faa leyendo para descubrir todo lo que necesitas saber sobre este encantador calzado.<\/p>\n<p>Las <b>esparte\u00f1as ni\u00f1a flamenca<\/b> son un elemento esencial en el armario de cualquier ni\u00f1a que adore la moda flamenca o desee lucir un estilo fresco y veraniego. Estas zapatillas, elaboradas con materiales naturales como el esparto y el algod\u00f3n, ofrecen comodidad y estilo a partes iguales, convirti\u00e9ndolas en el complemento perfecto para cualquier conjunto. Encontrar el par ideal puede marcar la diferencia en el look de tu peque\u00f1a, por lo que es crucial informarse sobre las opciones disponibles en el mercado.<\/p>\n<p>Al buscar las <b>esparte\u00f1as ni\u00f1a flamenca<\/b>, es fundamental considerar la calidad del producto y su precio. Encontrar la combinaci\u00f3n perfecta entre calidad y precio puede resultar un desaf\u00edo, pero no es imposible. En este art\u00edculo, te proporcionaremos consejos \u00fatiles para realizar una compra informada y acertada. Adem\u00e1s, te daremos recomendaciones sobre d\u00f3nde adquirir las mejores esparte\u00f1as del mercado, garantiz\u00e1ndote que tu peque\u00f1a luzca con estilo y confort sin comprometer la calidad ni tu bolsillo.<\/p>\n<p>En resumen, las <b>esparte\u00f1as ni\u00f1a flamenca<\/b> son un calzado encantador que aporta estilo y comodidad a cualquier conjunto. En este post, te mostraremos d\u00f3nde comprar las mejores esparte\u00f1as al mejor precio, para que puedas satisfacer las necesidades de estilo de tus peque\u00f1as sin renunciar a la calidad. Sigue leyendo para descubrir todo lo que necesitas saber sobre este ic\u00f3nico calzado espa\u00f1ol.[ppgbo category=\u00bb99&#8243; counter=\u00bb6&#8243;]<\/p>\n<h2><span class=\"ez-toc-section\" id=\"Espartenas_Nina_Flamenca_Como_Cuidar_y_Mantener_el_Calzado_en_Perfectas_Condiciones\"><\/span>Esparte\u00f1as Ni\u00f1a Flamenca: C\u00f3mo Cuidar y Mantener el Calzado en Perfectas Condiciones<span class=\"ez-toc-section-end\"><\/span><\/h2>\n<p>\u00a1Bienvenidos! Las esparte\u00f1as para ni\u00f1as flamenca son un calzado tradicional que ha experimentado un resurgimiento en popularidad en los \u00faltimos a\u00f1os. Si tienes una ni\u00f1a que ama el flamenco, seguramente has considerado adquirir unas esparte\u00f1as para complementar su atuendo. En este art\u00edculo, te proporcionaremos consejos sobre c\u00f3mo cuidar y mantener estas esparte\u00f1as en perfectas condiciones, para que puedan lucir impecables en cualquier ocasi\u00f3n.<\/p>\n<p>### Cuidados B\u00e1sicos<br \/>\nEs fundamental mantener las esparte\u00f1as limpias para preservar su aspecto original. Recuerda que estas suelen estar confeccionadas con materiales naturales como el esparto y el algod\u00f3n, por lo que es importante evitar el contacto con agua en exceso. Utiliza un pa\u00f1o suave ligeramente h\u00famedo para retirar manchas y polvo, y d\u00e9jalas secar al aire libre.<\/p>\n<p>### Almacenamiento Adecuado<br \/>\nPara prolongar la vida \u00fatil de las esparte\u00f1as, es recomendable guardarlas en un lugar fresco y seco, lejos de la luz solar directa. Adem\u00e1s, puedes rellenarlas con papel o un horma para mantener su forma original y prevenir que se deformen.<\/p>\n<p>### Reparaciones y Mantenimiento<br \/>\nSi notas alg\u00fan desgaste o da\u00f1o en las suelas o tejidos, es aconsejable acudir a un zapatero especializado para realizar las reparaciones necesarias. Esto garantizar\u00e1 que las esparte\u00f1as conserven su belleza y comodidad por m\u00e1s tiempo.<\/p>\n<p>Recuerda que cuidar adecuadamente las esparte\u00f1as no solo mejora su durabilidad, sino que tambi\u00e9n contribuye a mantener el legado cultural y artesanal que representan. Esperamos que estos consejos te sean de utilidad para mantener el calzado de tu ni\u00f1a en \u00f3ptimas condiciones. Si te interesa explorar una amplia gama de esparte\u00f1as para ni\u00f1as flamenca, te recomendamos visitar la tienda online de Calzados Payma o acudir a alguna de sus tiendas f\u00edsicas disponibles en todo el territorio nacional. \u00a1Prep\u00e1rate para que tu peque\u00f1a deslumbre con el estilo \u00fanico que ofrecen las esparte\u00f1as!<\/p>\n","protected":false},"excerpt":{"rendered":"<p>[ppgbo category=\u00bb99&#8243; counter=\u00bb6&#8243;] Esparte\u00f1as Ni\u00f1a: Descubre los Modelos m\u00e1s Adorables Para las peque\u00f1as amantes del flamenco, las esparte\u00f1as ni\u00f1a son el complemento perfecto para lucir elegantes y a la moda durante las fiestas y celebraciones. Estos zapatos artesanales, confeccionados con esparto y otros materiales naturales, destacan por su comodidad y dise\u00f1o tradicional. En Calzados Payma,&hellip;<\/p>\n","protected":false},"author":4,"featured_media":0,"comment_status":"","ping_status":"open","sticky":false,"template":"","format":"standard","meta":{"footnotes":""},"categories":[449],"tags":[],"_links":{"self":[{"href":"https:\/\/www.calzadospayma.com\/blog\/wp-json\/wp\/v2\/posts\/2688"}],"collection":[{"href":"https:\/\/www.calzadospayma.com\/blog\/wp-json\/wp\/v2\/posts"}],"about":[{"href":"https:\/\/www.calzadospayma.com\/blog\/wp-json\/wp\/v2\/types\/post"}],"author":[{"embeddable":true,"href":"https:\/\/www.calzadospayma.com\/blog\/wp-json\/wp\/v2\/users\/4"}],"replies":[{"embeddable":true,"href":"https:\/\/www.calzadospayma.com\/blog\/wp-json\/wp\/v2\/comments?post=2688"}],"version-history":[{"count":0,"href":"https:\/\/www.calzadospayma.com\/blog\/wp-json\/wp\/v2\/posts\/2688\/revisions"}],"wp:attachment":[{"href":"https:\/\/www.calzadospayma.com\/blog\/wp-json\/wp\/v2\/media?parent=2688"}],"wp:term":[{"taxonomy":"category","embeddable":true,"href":"https:\/\/www.calzadospayma.com\/blog\/wp-json\/wp\/v2\/categories?post=2688"},{"taxonomy":"post_tag","embeddable":true,"href":"https:\/\/www.calzadospayma.com\/blog\/wp-json\/wp\/v2\/tags?post=2688"}],"curies":[{"name":"wp","href":"https:\/\/api.w.org\/{rel}","templated":true}]}}