{"id":2706,"date":"2024-03-25T07:27:23","date_gmt":"2024-03-25T06:27:23","guid":{"rendered":"https:\/\/www.calzadospayma.com\/blog\/esparto-flamenca\/"},"modified":"2024-03-25T07:27:23","modified_gmt":"2024-03-25T06:27:23","slug":"esparto-flamenca","status":"publish","type":"post","link":"https:\/\/www.calzadospayma.com\/blog\/esparto-flamenca\/","title":{"rendered":"Modelos de esparto flamenca: tendencia en calzado para esta temporada"},"content":{"rendered":"<p>[ppgbo category=\u00bb99&#8243; counter=\u00bb6&#8243;]<\/p><div id=\"ez-toc-container\" class=\"ez-toc-v2_0_82_2 counter-hierarchy ez-toc-counter ez-toc-grey ez-toc-container-direction\">\n<div class=\"ez-toc-title-container\">\n<p class=\"ez-toc-title\" style=\"cursor:inherit\">\u00bfQu\u00e9 vas a encontrar aqu\u00ed?<\/p>\n<span class=\"ez-toc-title-toggle\"><a href=\"#\" class=\"ez-toc-pull-right ez-toc-btn ez-toc-btn-xs ez-toc-btn-default ez-toc-toggle\" aria-label=\"Alternar tabla de contenidos\"><span class=\"ez-toc-js-icon-con\"><span class=\"\"><span class=\"eztoc-hide\" style=\"display:none;\">Toggle<\/span><span class=\"ez-toc-icon-toggle-span\"><svg style=\"fill: #999;color:#999\" xmlns=\"http:\/\/www.w3.org\/2000\/svg\" class=\"list-377408\" width=\"20px\" height=\"20px\" viewBox=\"0 0 24 24\" fill=\"none\"><path d=\"M6 6H4v2h2V6zm14 0H8v2h12V6zM4 11h2v2H4v-2zm16 0H8v2h12v-2zM4 16h2v2H4v-2zm16 0H8v2h12v-2z\" fill=\"currentColor\"><\/path><\/svg><svg style=\"fill: #999;color:#999\" class=\"arrow-unsorted-368013\" xmlns=\"http:\/\/www.w3.org\/2000\/svg\" width=\"10px\" height=\"10px\" viewBox=\"0 0 24 24\" version=\"1.2\" baseProfile=\"tiny\"><path d=\"M18.2 9.3l-6.2-6.3-6.2 6.3c-.2.2-.3.4-.3.7s.1.5.3.7c.2.2.4.3.7.3h11c.3 0 .5-.1.7-.3.2-.2.3-.5.3-.7s-.1-.5-.3-.7zM5.8 14.7l6.2 6.3 6.2-6.3c.2-.2.3-.5.3-.7s-.1-.5-.3-.7c-.2-.2-.4-.3-.7-.3h-11c-.3 0-.5.1-.7.3-.2.2-.3.5-.3.7s.1.5.3.7z\"\/><\/svg><\/span><\/span><\/span><\/a><\/span><\/div>\n<nav><ul class='ez-toc-list ez-toc-list-level-1 ' ><li class='ez-toc-page-1 ez-toc-heading-level-2'><a class=\"ez-toc-link ez-toc-heading-1\" href=\"https:\/\/www.calzadospayma.com\/blog\/esparto-flamenca\/#Los_secretos_del_esparto_en_la_confeccion_de_trajes_de_flamenca\" >Los secretos del esparto en la confecci\u00f3n de trajes de flamenca<\/a><\/li><li class='ez-toc-page-1 ez-toc-heading-level-2'><a class=\"ez-toc-link ez-toc-heading-2\" href=\"https:\/\/www.calzadospayma.com\/blog\/esparto-flamenca\/#Caracteristicas_del_esparto_en_la_confeccion_de_trajes_de_flamenca\" >Caracter\u00edsticas del esparto en la confecci\u00f3n de trajes de flamenca<\/a><ul class='ez-toc-list-level-3' ><li class='ez-toc-heading-level-3'><a class=\"ez-toc-link ez-toc-heading-3\" href=\"https:\/\/www.calzadospayma.com\/blog\/esparto-flamenca\/#La_artesania_del_esparto_en_la_moda_flamenca\" >La artesan\u00eda del esparto en la moda flamenca<\/a><\/li><\/ul><\/li><li class='ez-toc-page-1 ez-toc-heading-level-2'><a class=\"ez-toc-link ez-toc-heading-4\" href=\"https:\/\/www.calzadospayma.com\/blog\/esparto-flamenca\/#Esparto_flamenca_tendencia_y_tradicion_en_la_moda_andaluza\" >Esparto flamenca: tendencia y tradici\u00f3n en la moda andaluza<\/a><\/li><li class='ez-toc-page-1 ez-toc-heading-level-2'><a class=\"ez-toc-link ez-toc-heading-5\" href=\"https:\/\/www.calzadospayma.com\/blog\/esparto-flamenca\/#El_esparto_como_signo_de_identidad_en_la_moda_flamenca_contemporanea\" >El esparto como signo de identidad en la moda flamenca contempor\u00e1nea<\/a><\/li><li class='ez-toc-page-1 ez-toc-heading-level-2'><a class=\"ez-toc-link ez-toc-heading-6\" href=\"https:\/\/www.calzadospayma.com\/blog\/esparto-flamenca\/#Consejos_para_lucir_accesorios_de_esparto_en_tu_traje_de_flamenca\" >Consejos para lucir accesorios de esparto en tu traje de flamenca<\/a><ul class='ez-toc-list-level-3' ><li class='ez-toc-heading-level-3'><a class=\"ez-toc-link ez-toc-heading-7\" href=\"https:\/\/www.calzadospayma.com\/blog\/esparto-flamenca\/#Combina_colores\" >Combina colores<\/a><\/li><li class='ez-toc-page-1 ez-toc-heading-level-3'><a class=\"ez-toc-link ez-toc-heading-8\" href=\"https:\/\/www.calzadospayma.com\/blog\/esparto-flamenca\/#Apostando_por_la_sencillez\" >Apostando por la sencillez<\/a><\/li><li class='ez-toc-page-1 ez-toc-heading-level-3'><a class=\"ez-toc-link ez-toc-heading-9\" href=\"https:\/\/www.calzadospayma.com\/blog\/esparto-flamenca\/#Accesorios_versatiles\" >Accesorios vers\u00e1tiles<\/a><\/li><\/ul><\/li><\/ul><\/nav><\/div>\n\n<h2><span class=\"ez-toc-section\" id=\"Los_secretos_del_esparto_en_la_confeccion_de_trajes_de_flamenca\"><\/span>Los secretos del esparto en la confecci\u00f3n de trajes de flamenca<span class=\"ez-toc-section-end\"><\/span><\/h2>\n<p>Descubre los secretos mejor guardados del esparto en la confecci\u00f3n de los ic\u00f3nicos trajes de flamenca. El esparto, una fibra vegetal que ha sido utilizada durante siglos en la cultura espa\u00f1ola, despierta curiosidad por sus propiedades \u00fanicas y su presencia en las prendas tradicionales de flamenco. \u00a1Acomp\u00e1\u00f1anos a explorar este fascinante material y su papel en la moda flamenca!<\/p>\n<h2><span class=\"ez-toc-section\" id=\"Caracteristicas_del_esparto_en_la_confeccion_de_trajes_de_flamenca\"><\/span>Caracter\u00edsticas del esparto en la confecci\u00f3n de trajes de flamenca<span class=\"ez-toc-section-end\"><\/span><\/h2>\n<p>El esparto es una fibra natural conocida por su resistencia y flexibilidad, lo que lo hace ideal para la confecci\u00f3n de trajes de flamenca. Su tonalidad c\u00e1lida y su capacidad de adaptarse a diferentes t\u00e9cnicas de tejido lo convierten en un material codiciado en el mundo de la moda.<\/p>\n<p>En la elaboraci\u00f3n de los trajes de flamenca, el esparto se utiliza principalmente en la ornamentaci\u00f3n y detalles decorativos. Su textura robusta agrega un toque aut\u00e9ntico y r\u00fastico a las prendas, destacando la artesan\u00eda y el folklore asociados con el flamenco.<\/p>\n<p>Adem\u00e1s de su uso en la confecci\u00f3n de trajes, el esparto tambi\u00e9n se emplea en la elaboraci\u00f3n de complementos, como mantones y accesorios para el cabello, a\u00f1adiendo un encanto tradicional y atemporal a los conjuntos flamencos.<\/p>\n<h3><span class=\"ez-toc-section\" id=\"La_artesania_del_esparto_en_la_moda_flamenca\"><\/span>La artesan\u00eda del esparto en la moda flamenca<span class=\"ez-toc-section-end\"><\/span><\/h3>\n<p>La artesan\u00eda del esparto en la moda flamenca destaca por su arraigada tradici\u00f3n cultural y su presencia en festivales y celebraciones andaluzas. Los maestros artesanos utilizan t\u00e9cnicas ancestrales para tejidos ornamentales, creando piezas \u00fanicas que realzan la belleza y la autenticidad de los trajes de flamenca.<\/p>\n<p>[aib_post_related url=&#8217;\/blog\/cunas-moradas-mujer\/&#8217; title=&#8217;Cu\u00f1as moradas para mujer: Tendencia en calzado de moda&#8217; relatedtext=&#8217;Quiz\u00e1s tambi\u00e9n te interese:&#8217;]<\/p>\n<p>El esparto, a menudo te\u00f1ido con colores vibrantes, aporta una vitalidad y exuberancia a las prendas, reflejando la pasi\u00f3n y energ\u00eda de la danza flamenca. Su versatilidad y durabilidad lo posicionan como un componente fundamental en la creaci\u00f3n de trajes que perduran en el tiempo.<\/p>\n<p>[ppgbo category=\u00bb99&#8243; counter=\u00bb6&#8243;]<\/p>\n<h2><span class=\"ez-toc-section\" id=\"Esparto_flamenca_tendencia_y_tradicion_en_la_moda_andaluza\"><\/span>Esparto flamenca: tendencia y tradici\u00f3n en la moda andaluza<span class=\"ez-toc-section-end\"><\/span><\/h2>\n<p>Escribir sobre esparto flamenca implica adentrarse en la combinaci\u00f3n perfecta entre tradici\u00f3n y tendencia en la moda andaluza. El esparto es un material ancestral que ha sido utilizado durante siglos en la fabricaci\u00f3n de calzado y complementos de moda. En el contexto de la moda flamenca, el esparto ha adquirido un estatus ic\u00f3nico, siendo parte fundamental de los trajes t\u00edpicos que se lucen en las ferias y fiestas de Andaluc\u00eda.<\/p>\n<p>El esparto flamenca ha cobrado relevancia por ser un elemento distintivo y tradicional en el dise\u00f1o de calzado y complementos para trajes de flamenca. La artesan\u00eda y el cuidado en la elaboraci\u00f3n de cada pieza resaltan la importancia de mantener viva esta tradici\u00f3n, a la vez que se incorporan toques de modernidad y actualidad que lo convierten en una tendencia destacada en el mundo de la moda andaluza.<\/p>\n<p>El esparto, con su impronta aut\u00e9ntica y su arraigado valor cultural, se presenta como un protagonista indiscutible en la escena de la moda flamenca. La combinaci\u00f3n de t\u00e9cnicas artesanales con dise\u00f1os innovadores permite que el esparto flamenca sea una opci\u00f3n vers\u00e1til y atemporal, adapt\u00e1ndose a las preferencias del p\u00fablico actual y manteniendo su vigencia en el mundo de la moda.<\/p>\n<p>La belleza y el significado cultural que encierra el esparto flamenca lo posicionan como una opci\u00f3n \u00fanica para quienes buscan resaltar su amor por la tradici\u00f3n andaluza a trav\u00e9s de la moda. Desde el cuidado en su confecci\u00f3n hasta su papel en la expresi\u00f3n de la identidad regional, el esparto flamenca sigue marcando tendencia y representando una conexi\u00f3n especial con la historia y el folclore de Andaluc\u00eda.[aib_post_related url=&#8217;\/blog\/calzado-cuna-mujer\/&#8217; title=&#8217;Descubre las \u00faltimas tendencias en calzado de cu\u00f1a para mujer&#8217; relatedtext=&#8217;Quiz\u00e1s tambi\u00e9n te interese:&#8217;]<\/p>\n<h2><span class=\"ez-toc-section\" id=\"El_esparto_como_signo_de_identidad_en_la_moda_flamenca_contemporanea\"><\/span>El esparto como signo de identidad en la moda flamenca contempor\u00e1nea<span class=\"ez-toc-section-end\"><\/span><\/h2>\n<p>Para comprender la importancia del esparto en la moda flamenca contempor\u00e1nea, es crucial explorar su arraigada influencia en el dise\u00f1o y fabricaci\u00f3n de productos flamencos. El esparto, una fibra natural proveniente de la planta esparto, ha sido un elemento distintivo en la confecci\u00f3n de complementos y calzado flamenco a lo largo de la historia. La versatilidad del esparto, en combinaci\u00f3n con su resistencia y belleza est\u00e9tica, lo ha convertido en un material emblem\u00e1tico en el contexto de la moda flamenca actual.<\/p>\n<p>En la confecci\u00f3n de zapatos flamencos, el esparto se ha convertido en un s\u00edmbolo de autenticidad y arraigo cultural. Desde el dise\u00f1o de alpargatas hasta la incorporaci\u00f3n de detalles decorativos en tacones y plataformas, el esparto ha trascendido su funci\u00f3n puramente utilitaria para convertirse en una expresi\u00f3n de identidad y tradici\u00f3n en la moda flamenca contempor\u00e1nea.<\/p>\n<p>La sostenibilidad y la conexi\u00f3n con las ra\u00edces culturales son aspectos que han impulsado el resurgimiento del esparto en la moda flamenca. La valoraci\u00f3n de t\u00e9cnicas artesanales y la apreciaci\u00f3n por materiales naturales han contribuido a destacar el esparto como un elemento esencial en la confecci\u00f3n de calzado flamenco. Su presencia en colecciones de dise\u00f1adores y en eventos flamencos emblem\u00e1ticos subraya su relevancia en la actualidad.<\/p>\n<p>En este contexto, la revalorizaci\u00f3n del esparto en la moda flamenca contempor\u00e1nea no solo responde a una tendencia est\u00e9tica, sino a un reconocimiento de su significado cultural y su papel como motor de innovaci\u00f3n y creatividad en el dise\u00f1o de calzado flamenca.[ppgbo category=\u00bb99&#8243; counter=\u00bb6&#8243;]<\/p>\n<h2><span class=\"ez-toc-section\" id=\"Consejos_para_lucir_accesorios_de_esparto_en_tu_traje_de_flamenca\"><\/span>Consejos para lucir accesorios de esparto en tu traje de flamenca<span class=\"ez-toc-section-end\"><\/span><\/h2>\n<p>En el mundo de la moda flamenca, los accesorios de esparto han cobrado gran relevancia como complemento imprescindible para realzar la belleza de los trajes. Si est\u00e1s buscando consejos para lucir estos accesorios con estilo, has llegado al lugar indicado. A continuaci\u00f3n, te brindar\u00e9 algunas sugerencias para que puedas destacar al lucir tus accesorios de esparto junto a tu traje de flamenca.<\/p>\n<h3><span class=\"ez-toc-section\" id=\"Combina_colores\"><\/span>Combina colores<span class=\"ez-toc-section-end\"><\/span><\/h3>\n<p>A la hora de elegir accesorios de esparto para tu traje de flamenca, es importante que consideres la combinaci\u00f3n de colores. Opta por accesorios que complementen o resalten los tonos presentes en tu traje, creando as\u00ed una armon\u00eda visual que potencie tu estilo.<\/p>\n<h3><span class=\"ez-toc-section\" id=\"Apostando_por_la_sencillez\"><\/span>Apostando por la sencillez<span class=\"ez-toc-section-end\"><\/span><\/h3>\n<p>Menos es m\u00e1s cuando se trata de lucir accesorios de esparto. Procura no sobrecargar tu atuendo con una gran cantidad de accesorios, ya que esto podr\u00eda restar elegancia a tu vestimenta. En lugar de ello, elige accesorios sencillos que aporten un toque de distinci\u00f3n de forma equilibrada.<\/p>\n<p>[aib_post_related url=&#8217;\/blog\/alpargatas-transparentes\/&#8217; title=&#8217;Descubre las \u00faltimas tendencias en alpargatas transparentes de moda&#8217; relatedtext=&#8217;Quiz\u00e1s tambi\u00e9n te interese:&#8217;]<\/p>\n<h3><span class=\"ez-toc-section\" id=\"Accesorios_versatiles\"><\/span>Accesorios vers\u00e1tiles<span class=\"ez-toc-section-end\"><\/span><\/h3>\n<p>Opta por accesorios de esparto que puedas reutilizar en diferentes ocasiones. Al elegir complementos vers\u00e1tiles, podr\u00e1s sacarles el m\u00e1ximo partido y ampliar las posibilidades para lucirlos con otros trajes o atuendos, brind\u00e1ndote mayor versatilidad y valor a largo plazo.<\/p>\n<p>Recuerda que la elecci\u00f3n de tus accesorios de esparto es una oportunidad para expresar tu estilo personal y resaltar tu traje de flamenca de manera \u00fanica. Con estos consejos, estar\u00e1s listo para deslumbrar con tus accesorios de esparto en cualquier ocasi\u00f3n.<\/p>\n","protected":false},"excerpt":{"rendered":"<p>[ppgbo category=\u00bb99&#8243; counter=\u00bb6&#8243;] Los secretos del esparto en la confecci\u00f3n de trajes de flamenca Descubre los secretos mejor guardados del esparto en la confecci\u00f3n de los ic\u00f3nicos trajes de flamenca. El esparto, una fibra vegetal que ha sido utilizada durante siglos en la cultura espa\u00f1ola, despierta curiosidad por sus propiedades \u00fanicas y su presencia en&hellip;<\/p>\n","protected":false},"author":4,"featured_media":0,"comment_status":"","ping_status":"open","sticky":false,"template":"","format":"standard","meta":{"footnotes":""},"categories":[449],"tags":[],"_links":{"self":[{"href":"https:\/\/www.calzadospayma.com\/blog\/wp-json\/wp\/v2\/posts\/2706"}],"collection":[{"href":"https:\/\/www.calzadospayma.com\/blog\/wp-json\/wp\/v2\/posts"}],"about":[{"href":"https:\/\/www.calzadospayma.com\/blog\/wp-json\/wp\/v2\/types\/post"}],"author":[{"embeddable":true,"href":"https:\/\/www.calzadospayma.com\/blog\/wp-json\/wp\/v2\/users\/4"}],"replies":[{"embeddable":true,"href":"https:\/\/www.calzadospayma.com\/blog\/wp-json\/wp\/v2\/comments?post=2706"}],"version-history":[{"count":0,"href":"https:\/\/www.calzadospayma.com\/blog\/wp-json\/wp\/v2\/posts\/2706\/revisions"}],"wp:attachment":[{"href":"https:\/\/www.calzadospayma.com\/blog\/wp-json\/wp\/v2\/media?parent=2706"}],"wp:term":[{"taxonomy":"category","embeddable":true,"href":"https:\/\/www.calzadospayma.com\/blog\/wp-json\/wp\/v2\/categories?post=2706"},{"taxonomy":"post_tag","embeddable":true,"href":"https:\/\/www.calzadospayma.com\/blog\/wp-json\/wp\/v2\/tags?post=2706"}],"curies":[{"name":"wp","href":"https:\/\/api.w.org\/{rel}","templated":true}]}}