{"id":2713,"date":"2024-03-25T08:35:51","date_gmt":"2024-03-25T07:35:51","guid":{"rendered":"https:\/\/www.calzadospayma.com\/blog\/esparto-nina-flamenca\/"},"modified":"2024-03-25T08:35:51","modified_gmt":"2024-03-25T07:35:51","slug":"esparto-nina-flamenca","status":"publish","type":"post","link":"https:\/\/www.calzadospayma.com\/blog\/esparto-nina-flamenca\/","title":{"rendered":"Esparto para ni\u00f1a flamenca: los mejores modelos de calzado"},"content":{"rendered":"<p>Por supuesto, puedo ayudarte con eso. Aqu\u00ed est\u00e1 el contenido para el H2:<\/p><div id=\"ez-toc-container\" class=\"ez-toc-v2_0_82_2 counter-hierarchy ez-toc-counter ez-toc-grey ez-toc-container-direction\">\n<div class=\"ez-toc-title-container\">\n<p class=\"ez-toc-title\" style=\"cursor:inherit\">\u00bfQu\u00e9 vas a encontrar aqu\u00ed?<\/p>\n<span class=\"ez-toc-title-toggle\"><a href=\"#\" class=\"ez-toc-pull-right ez-toc-btn ez-toc-btn-xs ez-toc-btn-default ez-toc-toggle\" aria-label=\"Alternar tabla de contenidos\"><span class=\"ez-toc-js-icon-con\"><span class=\"\"><span class=\"eztoc-hide\" style=\"display:none;\">Toggle<\/span><span class=\"ez-toc-icon-toggle-span\"><svg style=\"fill: #999;color:#999\" xmlns=\"http:\/\/www.w3.org\/2000\/svg\" class=\"list-377408\" width=\"20px\" height=\"20px\" viewBox=\"0 0 24 24\" fill=\"none\"><path d=\"M6 6H4v2h2V6zm14 0H8v2h12V6zM4 11h2v2H4v-2zm16 0H8v2h12v-2zM4 16h2v2H4v-2zm16 0H8v2h12v-2z\" fill=\"currentColor\"><\/path><\/svg><svg style=\"fill: #999;color:#999\" class=\"arrow-unsorted-368013\" xmlns=\"http:\/\/www.w3.org\/2000\/svg\" width=\"10px\" height=\"10px\" viewBox=\"0 0 24 24\" version=\"1.2\" baseProfile=\"tiny\"><path d=\"M18.2 9.3l-6.2-6.3-6.2 6.3c-.2.2-.3.4-.3.7s.1.5.3.7c.2.2.4.3.7.3h11c.3 0 .5-.1.7-.3.2-.2.3-.5.3-.7s-.1-.5-.3-.7zM5.8 14.7l6.2 6.3 6.2-6.3c.2-.2.3-.5.3-.7s-.1-.5-.3-.7c-.2-.2-.4-.3-.7-.3h-11c-.3 0-.5.1-.7.3-.2.2-.3.5-.3.7s.1.5.3.7z\"\/><\/svg><\/span><\/span><\/span><\/a><\/span><\/div>\n<nav><ul class='ez-toc-list ez-toc-list-level-1 ' ><li class='ez-toc-page-1 ez-toc-heading-level-2'><a class=\"ez-toc-link ez-toc-heading-1\" href=\"https:\/\/www.calzadospayma.com\/blog\/esparto-nina-flamenca\/#Descubre_los_mejores_complementos_de_esparto_para_ninas_flamencas\" >Descubre los mejores complementos de esparto para ni\u00f1as flamencas<\/a><\/li><li class='ez-toc-page-1 ez-toc-heading-level-2'><a class=\"ez-toc-link ez-toc-heading-2\" href=\"https:\/\/www.calzadospayma.com\/blog\/esparto-nina-flamenca\/#Consejos_para_combinar_el_esparto_en_el_traje_de_flamenca_de_tu_hija\" >Consejos para combinar el esparto en el traje de flamenca de tu hija<\/a><ul class='ez-toc-list-level-3' ><li class='ez-toc-heading-level-3'><a class=\"ez-toc-link ez-toc-heading-3\" href=\"https:\/\/www.calzadospayma.com\/blog\/esparto-nina-flamenca\/#1_Eleccion_del_esparto\" >1. Elecci\u00f3n del esparto<\/a><\/li><li class='ez-toc-page-1 ez-toc-heading-level-3'><a class=\"ez-toc-link ez-toc-heading-4\" href=\"https:\/\/www.calzadospayma.com\/blog\/esparto-nina-flamenca\/#2_Complementos_a_juego\" >2. Complementos a juego<\/a><\/li><li class='ez-toc-page-1 ez-toc-heading-level-3'><a class=\"ez-toc-link ez-toc-heading-5\" href=\"https:\/\/www.calzadospayma.com\/blog\/esparto-nina-flamenca\/#3_Combina_colores_y_estampados\" >3. Combina colores y estampados<\/a><\/li><\/ul><\/li><li class='ez-toc-page-1 ez-toc-heading-level-2'><a class=\"ez-toc-link ez-toc-heading-6\" href=\"https:\/\/www.calzadospayma.com\/blog\/esparto-nina-flamenca\/#La_tradicion_del_esparto_en_la_moda_flamenca_infantil\" >La tradici\u00f3n del esparto en la moda flamenca infantil<\/a><ul class='ez-toc-list-level-3' ><li class='ez-toc-heading-level-3'><a class=\"ez-toc-link ez-toc-heading-7\" href=\"https:\/\/www.calzadospayma.com\/blog\/esparto-nina-flamenca\/#El_esparto_como_simbolo_de_tradicion\" >El esparto como s\u00edmbolo de tradici\u00f3n<\/a><\/li><li class='ez-toc-page-1 ez-toc-heading-level-3'><a class=\"ez-toc-link ez-toc-heading-8\" href=\"https:\/\/www.calzadospayma.com\/blog\/esparto-nina-flamenca\/#Comodidad_y_estilo_en_el_calzado_de_esparto_para_ninas\" >Comodidad y estilo en el calzado de esparto para ni\u00f1as<\/a><\/li><\/ul><\/li><li class='ez-toc-page-1 ez-toc-heading-level-2'><a class=\"ez-toc-link ez-toc-heading-9\" href=\"https:\/\/www.calzadospayma.com\/blog\/esparto-nina-flamenca\/#%C2%BFDonde_comprar_esparto_para_ninas_flamencas\" >\u00bfD\u00f3nde comprar esparto para ni\u00f1as flamencas?<\/a><ul class='ez-toc-list-level-3' ><li class='ez-toc-heading-level-3'><a class=\"ez-toc-link ez-toc-heading-10\" href=\"https:\/\/www.calzadospayma.com\/blog\/esparto-nina-flamenca\/#Calidad_y_autenticidad_del_esparto\" >Calidad y autenticidad del esparto<\/a><\/li><li class='ez-toc-page-1 ez-toc-heading-level-3'><a class=\"ez-toc-link ez-toc-heading-11\" href=\"https:\/\/www.calzadospayma.com\/blog\/esparto-nina-flamenca\/#Variedad_de_disenos_y_tallas\" >Variedad de dise\u00f1os y tallas<\/a><\/li><\/ul><\/li><\/ul><\/nav><\/div>\n\n<p>\u00ab`html<\/p>\n<p>Si est\u00e1s buscando los mejores complementos de esparto para ni\u00f1as flamencas, has llegado al lugar indicado. Los complementos de esparto tienen un encanto especial que realza el atuendo flamenco de las ni\u00f1as, aportando ese toque tradicional y elegante que tanto gusta.<\/p>\n<p>[ppgbo category=\u00bb99&#8243; counter=\u00bb6&#8243;]<\/p>\n<h2><span class=\"ez-toc-section\" id=\"Descubre_los_mejores_complementos_de_esparto_para_ninas_flamencas\"><\/span>Descubre los mejores complementos de esparto para ni\u00f1as flamencas<span class=\"ez-toc-section-end\"><\/span><\/h2>\n<p>No hay duda de que el esparto es un material ic\u00f3nico en la moda flamenca, y las ni\u00f1as no son la excepci\u00f3n. Encontrar el complemento perfecto puede marcar la diferencia en su conjunto, por eso es importante conocer las opciones disponibles en el mercado para asegurarse de elegir los mejores.<\/p>\n<p>Desde las cl\u00e1sicas abarcas hasta los detalles en los sombreros y bolsos, el esparto se presenta en una variedad de complementos que pueden complementar a la perfecci\u00f3n el vestuario de una ni\u00f1a para una feria o fiesta flamenca. Exploraremos las diferentes opciones, sus caracter\u00edsticas y c\u00f3mo pueden realzar el look flamenco de las m\u00e1s peque\u00f1as.<\/p>\n<p>Conoce a fondo las posibilidades que ofrecen los complementos de esparto para ni\u00f1as flamencas. Acomp\u00e1\u00f1anos en este recorrido por las opciones m\u00e1s destacadas y descubre c\u00f3mo pueden aportar ese toque aut\u00e9ntico y elegante a sus conjuntos flamencos.<\/p>\n<p>\u00ab`<\/p>\n<p>Espero que este contenido sea \u00fatil para tu blog.<\/p>\n<h2><span class=\"ez-toc-section\" id=\"Consejos_para_combinar_el_esparto_en_el_traje_de_flamenca_de_tu_hija\"><\/span>Consejos para combinar el esparto en el traje de flamenca de tu hija<span class=\"ez-toc-section-end\"><\/span><\/h2>\n<p>Para combinar el esparto en el traje de flamenca de tu hija, es importante tener en cuenta varias consideraciones. El esparto es un material tradicionalmente utilizado en calzado, pero tambi\u00e9n puede ser incorporado de manera elegante y original en el traje de flamenca de ni\u00f1a. Aqu\u00ed te ofrecemos algunos consejos para conseguir un conjunto armonioso y encantador.<\/p>\n<h3><span class=\"ez-toc-section\" id=\"1_Eleccion_del_esparto\"><\/span>1. Elecci\u00f3n del esparto<span class=\"ez-toc-section-end\"><\/span><\/h3>\n<p>Si est\u00e1s buscando agregar toques de esparto al traje de flamenca de tu hija, es importante seleccionar cuidadosamente el tipo de material. Aseg\u00farate de que sea de buena calidad, resistente y, a su vez, c\u00f3modo para que tu hija pueda disfrutar de la celebraci\u00f3n sin molestias.<\/p>\n<h3><span class=\"ez-toc-section\" id=\"2_Complementos_a_juego\"><\/span>2. Complementos a juego<span class=\"ez-toc-section-end\"><\/span><\/h3>\n<p>Para lograr un conjunto perfectamente coordinado, considera complementar el esparto en el traje de flamenca con accesorios adecuados. Desde pendientes hasta pulseras o peinetas adornadas con esparto, estos detalles a\u00f1adir\u00e1n cohesi\u00f3n al atuendo de tu hija.<\/p>\n<h3><span class=\"ez-toc-section\" id=\"3_Combina_colores_y_estampados\"><\/span>3. Combina colores y estampados<span class=\"ez-toc-section-end\"><\/span><\/h3>\n<p>A la hora de incluir esparto en el traje de flamenca de ni\u00f1a, es crucial prestar atenci\u00f3n a la combinaci\u00f3n de colores y estampados. El esparto tiende a ser vers\u00e1til y puede ser combinado con diversos tonos y dise\u00f1os en el traje, creando un conjunto \u00fanico y llamativo.<\/p>\n<p>Estos consejos te ayudar\u00e1n a incorporar el esparto de forma elegante y original en el traje de flamenca de tu hija, agregando un toque tradicional y distintivo a su atuendo.[ppgbo category=\u00bb99&#8243; counter=\u00bb6&#8243;]<\/p>\n<h2><span class=\"ez-toc-section\" id=\"La_tradicion_del_esparto_en_la_moda_flamenca_infantil\"><\/span>La tradici\u00f3n del esparto en la moda flamenca infantil<span class=\"ez-toc-section-end\"><\/span><\/h2>\n<p>\nLa moda flamenca infantil es una expresi\u00f3n de la identidad cultural y tradicional de Andaluc\u00eda. Dentro de esta tradici\u00f3n, el uso del esparto en la confecci\u00f3n de calzado y complementos es una caracter\u00edstica distintiva que atraviesa generaciones. Para las ni\u00f1as que participan en celebraciones y ferias, el esparto es un elemento esencial que aporta un toque aut\u00e9ntico y elegante a sus atuendos flamencos. En este art\u00edculo, exploraremos la relevancia del esparto en el \u00e1mbito de la moda flamenca infantil, as\u00ed como sus caracter\u00edsticas y su impacto en el dise\u00f1o y la comodidad del calzado.<\/p>\n<h3><span class=\"ez-toc-section\" id=\"El_esparto_como_simbolo_de_tradicion\"><\/span>El esparto como s\u00edmbolo de tradici\u00f3n<span class=\"ez-toc-section-end\"><\/span><\/h3>\n<p>\nEl esparto, tambi\u00e9n conocido como esparte\u00f1a, es un material natural con ra\u00edces en la historia andaluza. Su uso en la confecci\u00f3n de calzado tradicional se remonta a siglos atr\u00e1s, y su presencia en la moda flamenca infantil representa la conexi\u00f3n con las ra\u00edces culturales y el respeto por la artesan\u00eda local. Las ni\u00f1as que visten zapatos de esparto no solo lucen un complemento de moda, sino que tambi\u00e9n llevan consigo una representaci\u00f3n simb\u00f3lica de la tradici\u00f3n y el legado cultural de Andaluc\u00eda.<\/p>\n<p>[aib_post_related url=&#8217;\/blog\/espadrilles\/&#8217; title=&#8217;Descubre las \u00faltimas tendencias en espadrilles para este verano&#8217; relatedtext=&#8217;Quiz\u00e1s tambi\u00e9n te interese:&#8217;]<\/p>\n<h3><span class=\"ez-toc-section\" id=\"Comodidad_y_estilo_en_el_calzado_de_esparto_para_ninas\"><\/span>Comodidad y estilo en el calzado de esparto para ni\u00f1as<span class=\"ez-toc-section-end\"><\/span><\/h3>\n<p>\nAdem\u00e1s de su valor simb\u00f3lico, los zapatos de esparto para ni\u00f1as ofrecen cualidades pr\u00e1cticas que los hacen ideales para disfrutar de largas jornadas festivas. La flexibilidad y resistencia del esparto permiten que los pies de las ni\u00f1as se muevan con facilidad, aportando comodidad mientras bailan y disfrutan de las celebraciones. El dise\u00f1o artesanal de estos zapatos, combinado con elementos modernos y coloridos, a\u00f1ade un toque elegante y atemporal que complementa a la perfecci\u00f3n los trajes flamenca de las ni\u00f1as.<\/p>\n<p>\nEn resumen, la tradici\u00f3n del esparto en la moda flamenca infantil trasciende la mera est\u00e9tica, convirti\u00e9ndose en un s\u00edmbolo de identidad cultural y artesan\u00eda. Los zapatos de esparto para ni\u00f1as equilibran tradici\u00f3n y moda, ofreciendo comodidad, estilo y un v\u00ednculo con la rica historia de Andaluc\u00eda. Conocer y apreciar la importancia del esparto en la moda flamenca infantil nos permite valorar la autenticidad y la belleza de esta expresi\u00f3n cultural \u00fanica.<\/p>\n<article>\n<p>Si est\u00e1s buscando el complemento perfecto para el traje de flamenca de tu hija, seguramente te habr\u00e1s planteado d\u00f3nde comprar esparto para ni\u00f1as flamencas. A continuaci\u00f3n, te brindar\u00e9 informaci\u00f3n detallada sobre este hermoso calzado tradicional, para que puedas tomar la mejor decisi\u00f3n de compra.<\/p>\n<p>    [aib_post_related url=&#8217;\/blog\/alpargatas-cerradas\/&#8217; title=&#8217;Descubre las mejores alpargatas cerradas del 2021 para lucir a la moda&#8217; relatedtext=&#8217;Quiz\u00e1s tambi\u00e9n te interese:&#8217;][ppgbo category=\u00bb99&#8243; counter=\u00bb6&#8243;]<\/p>\n<h2><span class=\"ez-toc-section\" id=\"%C2%BFDonde_comprar_esparto_para_ninas_flamencas\"><\/span>\u00bfD\u00f3nde comprar esparto para ni\u00f1as flamencas?<span class=\"ez-toc-section-end\"><\/span><\/h2>\n<p>El esparto para ni\u00f1as flamencas es un calzado artesanal y t\u00edpico de la cultura flamenca. Estas alpargatas, confeccionadas con suela de esparto y atadas al tobillo con cintas, son ideales para completar el atuendo de las peque\u00f1as bailaoras. A la hora de buscar el lugar perfecto para adquirir este calzado, es fundamental asegurarse de la autenticidad y calidad del producto.<\/p>\n<h3><span class=\"ez-toc-section\" id=\"Calidad_y_autenticidad_del_esparto\"><\/span>Calidad y autenticidad del esparto<span class=\"ez-toc-section-end\"><\/span><\/h3>\n<p>Al seleccionar el esparto para ni\u00f1as flamencas, es crucial garantizar que el material utilizado sea de primera calidad y que la elaboraci\u00f3n del calzado siga los m\u00e9todos tradicionales. La comodidad y durabilidad del esparto deben ser prioritarias, especialmente para las ni\u00f1as que pasar\u00e1n largas horas bailando y disfrutando de las fiestas flamencas.<\/p>\n<h3><span class=\"ez-toc-section\" id=\"Variedad_de_disenos_y_tallas\"><\/span>Variedad de dise\u00f1os y tallas<span class=\"ez-toc-section-end\"><\/span><\/h3>\n<p>Adem\u00e1s de la calidad, es fundamental encontrar un lugar que ofrezca variedad de dise\u00f1os y tallas para adaptarse a los gustos y necesidades individuales. La elecci\u00f3n del esparto ideal depender\u00e1 del traje de flamenca de la ni\u00f1a, as\u00ed como de su comodidad al usarlo.<\/p>\n<p>    [aib_post_related url=&#8217;\/blog\/espartenas-cuna-media\/&#8217; title=&#8217;Descubre las esparte\u00f1as con cu\u00f1a perfectas para un look trendy&#8217; relatedtext=&#8217;Quiz\u00e1s tambi\u00e9n te interese:&#8217;]<\/p>\n<p>En resumen, la b\u00fasqueda de esparto para ni\u00f1as flamencas se centra en encontrar un lugar que ofrezca calidad, autenticidad, variedad y tallas adecuadas. En este proceso, es importante considerar opciones que cumplan con estos requisitos para asegurar la satisfacci\u00f3n tanto de las peque\u00f1as como de los padres al adquirir este hermoso calzado.<\/p>\n<\/article>\n","protected":false},"excerpt":{"rendered":"<p>Por supuesto, puedo ayudarte con eso. Aqu\u00ed est\u00e1 el contenido para el H2: \u00ab`html Si est\u00e1s buscando los mejores complementos de esparto para ni\u00f1as flamencas, has llegado al lugar indicado. Los complementos de esparto tienen un encanto especial que realza el atuendo flamenco de las ni\u00f1as, aportando ese toque tradicional y elegante que tanto gusta.&hellip;<\/p>\n","protected":false},"author":4,"featured_media":0,"comment_status":"","ping_status":"open","sticky":false,"template":"","format":"standard","meta":{"footnotes":""},"categories":[449],"tags":[],"_links":{"self":[{"href":"https:\/\/www.calzadospayma.com\/blog\/wp-json\/wp\/v2\/posts\/2713"}],"collection":[{"href":"https:\/\/www.calzadospayma.com\/blog\/wp-json\/wp\/v2\/posts"}],"about":[{"href":"https:\/\/www.calzadospayma.com\/blog\/wp-json\/wp\/v2\/types\/post"}],"author":[{"embeddable":true,"href":"https:\/\/www.calzadospayma.com\/blog\/wp-json\/wp\/v2\/users\/4"}],"replies":[{"embeddable":true,"href":"https:\/\/www.calzadospayma.com\/blog\/wp-json\/wp\/v2\/comments?post=2713"}],"version-history":[{"count":0,"href":"https:\/\/www.calzadospayma.com\/blog\/wp-json\/wp\/v2\/posts\/2713\/revisions"}],"wp:attachment":[{"href":"https:\/\/www.calzadospayma.com\/blog\/wp-json\/wp\/v2\/media?parent=2713"}],"wp:term":[{"taxonomy":"category","embeddable":true,"href":"https:\/\/www.calzadospayma.com\/blog\/wp-json\/wp\/v2\/categories?post=2713"},{"taxonomy":"post_tag","embeddable":true,"href":"https:\/\/www.calzadospayma.com\/blog\/wp-json\/wp\/v2\/tags?post=2713"}],"curies":[{"name":"wp","href":"https:\/\/api.w.org\/{rel}","templated":true}]}}